{"id":1149,"date":"2012-12-20T00:10:04","date_gmt":"2012-12-20T00:10:04","guid":{"rendered":"https:\/\/fpmaam.org\/ministere\/?p=1149"},"modified":"2013-08-06T13:17:51","modified_gmt":"2013-08-06T13:17:51","slug":"jour-2-un-bebe-qui-na-nulle-part-ou-crecher","status":"publish","type":"post","link":"https:\/\/fpmaam.org\/ministere2\/2012\/12\/20\/jour-2-un-bebe-qui-na-nulle-part-ou-crecher\/","title":{"rendered":"Jour 2 &#8211; Un b\u00e9b\u00e9 qui n\u2019a nulle part o\u00f9 cr\u00e9cher"},"content":{"rendered":"<h1><\/h1>\n<h2><a href=\"https:\/\/fpmaam.org\/ministere\/wp-content\/uploads\/2012\/12\/avent45.jpg\"><img loading=\"lazy\" decoding=\"async\" class=\"alignleft size-medium wp-image-1150\" title=\"avent4\" src=\"https:\/\/fpmaam.org\/ministere\/wp-content\/uploads\/2012\/12\/avent45-199x300.jpg\" alt=\"\" width=\"199\" height=\"300\" \/><\/a>Dans un trou perdu<\/h2>\n<p><a href=\"https:\/\/fpmaam.org\/ministere\/vivre\/vous-avez-un-message\/autour-de-noel\/programme-de-lectures-noel-jour-2\/\">Mich\u00e9e 5-1\u00a0<\/a><\/p>\n<p>Destin d\u2019une ville<\/p>\n<p>Bethl\u00e9em est la ville natale du roi David. Elle est situ\u00e9e \u00e0 neuf kilom\u00e8tre au sud de J\u00e9rusalem et son nom signifie \u00ab\u00a0Maison du pain\u00a0\u00bb. C\u2019est ici, promet Dieu, qu\u2019un chef viendra au monde pour apporter la libert\u00e9. Il respectera la justice et le droit, et le peuple pourra vivre dans la paix gr\u00e2ce \u00e0 lui. Les \u00e9vang\u00e9listes Matthieu et Jean voient en J\u00e9sus ce lib\u00e9rateur n\u00e9 \u00e0 Bethl\u00e9em, qui apporte la paix aux hommes.<\/p>\n<p>&nbsp;<\/p>\n<p><a href=\"https:\/\/fpmaam.org\/ministere\/vivre\/vous-avez-un-message\/autour-de-noel\/programme-de-lectures-noel-jour-2\/\">Jean 7,40 \u2013 43 , 52<\/a><\/p>\n<p>Chercher le Messie (Jean 7.25-52)<\/p>\n<p>Le Messie, c\u2019est celui qui a \u00e9t\u00e9 choisi par Dieu pour sauver son peuple. Comment le reconna\u00eetre\u00a0? Pour certains, nul ne peut savoir d\u2019o\u00f9 il vient\u00a0; on ne le reconna\u00eet qu\u2019\u00e0 ses actes. Pour d\u2019autres, il sera le descendant du roi David et viendra de Bethl\u00e9em. J\u00e9sus correspond \u00e0 tous ses crit\u00e8res\u2026 et pourtant personne ne le reconna\u00eet\u00a0!<\/p>\n<h2>M\u00eame pas de place disponible<\/h2>\n<p>Luc 2.1-7<\/p>\n<p>C\u2019est No\u00ebl\u00a0!<\/p>\n<p>Il \u00e9tait annonc\u00e9, et c\u2019est l\u2019inattendu. Dieu se r\u00e9v\u00e8le dans un petit enfant d\u00e9pos\u00e9 dans une mangeoire, une \u00ab\u00a0cr\u00e8che\u00a0\u00bb comme pour annoncer qu\u2019il vient nourrir les attentes de tous les hommes, en apportant la paix. Ces attentes \u00e9taient floues et sans visage. Maintenant elles s\u2019envisagent dans cet enfant. Quelle surprise, quand les hommes attendaient un Messie Roi entour\u00e9 d\u2019arm\u00e9es\u00a0! Fragile et vuln\u00e9rable, l\u2019enfant de No\u00ebl s\u2019offre \u00e0 nous comme un cadeau inou\u00ef.<\/p>\n<p><a title=\"M\u00e9thode de lectures\" href=\"https:\/\/fpmaam.org\/ministere\/methode-de-lecture\/\" target=\"_blank\">Pour vous aider \u00e0 la lecture une m\u00e9thode disponible ici<\/a><\/p>\n","protected":false},"excerpt":{"rendered":"<p>Dans un trou perdu Mich\u00e9e 5-1\u00a0 Destin d\u2019une ville Bethl\u00e9em est la ville natale du roi David. Elle est situ\u00e9e \u00e0 neuf kilom\u00e8tre au sud de J\u00e9rusalem et son nom signifie \u00ab\u00a0Maison du pain\u00a0\u00bb. C\u2019est ici, promet Dieu, qu\u2019un chef viendra au monde pour apporter la libert\u00e9. Il respectera la justice et le droit, et &hellip; <a href=\"https:\/\/fpmaam.org\/ministere2\/2012\/12\/20\/jour-2-un-bebe-qui-na-nulle-part-ou-crecher\/\" class=\"more-link\">Continuer la lecture<span class=\"screen-reader-text\"> de &laquo;&nbsp;Jour 2 &#8211; Un b\u00e9b\u00e9 qui n\u2019a nulle part o\u00f9 cr\u00e9cher&nbsp;&raquo;<\/span><\/a><\/p>\n","protected":false},"author":1,"featured_media":0,"comment_status":"open","ping_status":"open","sticky":false,"template":"","format":"standard","meta":{"footnotes":""},"categories":[],"tags":[],"class_list":["post-1149","post","type-post","status-publish","format-standard","hentry"],"yoast_head":"<!-- This site is optimized with the Yoast SEO plugin v26.8 - https:\/\/yoast.com\/product\/yoast-seo-wordpress\/ -->\n<title>Jour 2 - Un b\u00e9b\u00e9 qui n\u2019a nulle part o\u00f9 cr\u00e9cher - FPMA Aix Marseille - EGLISE PROTESTANTE MALGACHE EN FRANCE<\/title>\n<meta name=\"robots\" content=\"index, follow, max-snippet:-1, max-image-preview:large, max-video-preview:-1\" \/>\n<link rel=\"canonical\" href=\"https:\/\/fpmaam.org\/ministere2\/2012\/12\/20\/jour-2-un-bebe-qui-na-nulle-part-ou-crecher\/\" \/>\n<meta property=\"og:locale\" content=\"fr_FR\" \/>\n<meta property=\"og:type\" content=\"article\" \/>\n<meta property=\"og:title\" content=\"Jour 2 - Un b\u00e9b\u00e9 qui n\u2019a nulle part o\u00f9 cr\u00e9cher - FPMA Aix Marseille - EGLISE PROTESTANTE MALGACHE EN FRANCE\" \/>\n<meta property=\"og:description\" content=\"Dans un trou perdu Mich\u00e9e 5-1\u00a0 Destin d\u2019une ville Bethl\u00e9em est la ville natale du roi David. Elle est situ\u00e9e \u00e0 neuf kilom\u00e8tre au sud de J\u00e9rusalem et son nom signifie \u00ab\u00a0Maison du pain\u00a0\u00bb. C\u2019est ici, promet Dieu, qu\u2019un chef viendra au monde pour apporter la libert\u00e9. Il respectera la justice et le droit, et &hellip; Continuer la lecture de &laquo;&nbsp;Jour 2 &#8211; Un b\u00e9b\u00e9 qui n\u2019a nulle part o\u00f9 cr\u00e9cher&nbsp;&raquo;\" \/>\n<meta property=\"og:url\" content=\"https:\/\/fpmaam.org\/ministere2\/2012\/12\/20\/jour-2-un-bebe-qui-na-nulle-part-ou-crecher\/\" \/>\n<meta property=\"og:site_name\" content=\"FPMA Aix Marseille - EGLISE PROTESTANTE MALGACHE EN FRANCE\" \/>\n<meta property=\"article:published_time\" content=\"2012-12-20T00:10:04+00:00\" \/>\n<meta property=\"article:modified_time\" content=\"2013-08-06T13:17:51+00:00\" \/>\n<meta property=\"og:image\" content=\"https:\/\/fpmaam.org\/ministere\/wp-content\/uploads\/2012\/12\/avent45-199x300.jpg\" \/>\n<meta name=\"author\" content=\"admin\" \/>\n<meta name=\"twitter:card\" content=\"summary_large_image\" \/>\n<meta name=\"twitter:label1\" content=\"\u00c9crit par\" \/>\n\t<meta name=\"twitter:data1\" content=\"admin\" \/>\n\t<meta name=\"twitter:label2\" content=\"Dur\u00e9e de lecture estim\u00e9e\" \/>\n\t<meta name=\"twitter:data2\" content=\"1 minute\" \/>\n<script type=\"application\/ld+json\" class=\"yoast-schema-graph\">{\"@context\":\"https:\/\/schema.org\",\"@graph\":[{\"@type\":\"Article\",\"@id\":\"https:\/\/fpmaam.org\/ministere2\/2012\/12\/20\/jour-2-un-bebe-qui-na-nulle-part-ou-crecher\/#article\",\"isPartOf\":{\"@id\":\"https:\/\/fpmaam.org\/ministere2\/2012\/12\/20\/jour-2-un-bebe-qui-na-nulle-part-ou-crecher\/\"},\"author\":{\"name\":\"admin\",\"@id\":\"https:\/\/fpmaam.org\/ministere2\/#\/schema\/person\/2125ca29a0b07a456fd343518df44b67\"},\"headline\":\"Jour 2 &#8211; Un b\u00e9b\u00e9 qui n\u2019a nulle part o\u00f9 cr\u00e9cher\",\"datePublished\":\"2012-12-20T00:10:04+00:00\",\"dateModified\":\"2013-08-06T13:17:51+00:00\",\"mainEntityOfPage\":{\"@id\":\"https:\/\/fpmaam.org\/ministere2\/2012\/12\/20\/jour-2-un-bebe-qui-na-nulle-part-ou-crecher\/\"},\"wordCount\":287,\"commentCount\":0,\"publisher\":{\"@id\":\"https:\/\/fpmaam.org\/ministere2\/#organization\"},\"image\":{\"@id\":\"https:\/\/fpmaam.org\/ministere2\/2012\/12\/20\/jour-2-un-bebe-qui-na-nulle-part-ou-crecher\/#primaryimage\"},\"thumbnailUrl\":\"https:\/\/fpmaam.org\/ministere\/wp-content\/uploads\/2012\/12\/avent45-199x300.jpg\",\"inLanguage\":\"fr-FR\",\"potentialAction\":[{\"@type\":\"CommentAction\",\"name\":\"Comment\",\"target\":[\"https:\/\/fpmaam.org\/ministere2\/2012\/12\/20\/jour-2-un-bebe-qui-na-nulle-part-ou-crecher\/#respond\"]}]},{\"@type\":\"WebPage\",\"@id\":\"https:\/\/fpmaam.org\/ministere2\/2012\/12\/20\/jour-2-un-bebe-qui-na-nulle-part-ou-crecher\/\",\"url\":\"https:\/\/fpmaam.org\/ministere2\/2012\/12\/20\/jour-2-un-bebe-qui-na-nulle-part-ou-crecher\/\",\"name\":\"Jour 2 - Un b\u00e9b\u00e9 qui n\u2019a nulle part o\u00f9 cr\u00e9cher - FPMA Aix Marseille - EGLISE PROTESTANTE MALGACHE EN FRANCE\",\"isPartOf\":{\"@id\":\"https:\/\/fpmaam.org\/ministere2\/#website\"},\"primaryImageOfPage\":{\"@id\":\"https:\/\/fpmaam.org\/ministere2\/2012\/12\/20\/jour-2-un-bebe-qui-na-nulle-part-ou-crecher\/#primaryimage\"},\"image\":{\"@id\":\"https:\/\/fpmaam.org\/ministere2\/2012\/12\/20\/jour-2-un-bebe-qui-na-nulle-part-ou-crecher\/#primaryimage\"},\"thumbnailUrl\":\"https:\/\/fpmaam.org\/ministere\/wp-content\/uploads\/2012\/12\/avent45-199x300.jpg\",\"datePublished\":\"2012-12-20T00:10:04+00:00\",\"dateModified\":\"2013-08-06T13:17:51+00:00\",\"breadcrumb\":{\"@id\":\"https:\/\/fpmaam.org\/ministere2\/2012\/12\/20\/jour-2-un-bebe-qui-na-nulle-part-ou-crecher\/#breadcrumb\"},\"inLanguage\":\"fr-FR\",\"potentialAction\":[{\"@type\":\"ReadAction\",\"target\":[\"https:\/\/fpmaam.org\/ministere2\/2012\/12\/20\/jour-2-un-bebe-qui-na-nulle-part-ou-crecher\/\"]}]},{\"@type\":\"ImageObject\",\"inLanguage\":\"fr-FR\",\"@id\":\"https:\/\/fpmaam.org\/ministere2\/2012\/12\/20\/jour-2-un-bebe-qui-na-nulle-part-ou-crecher\/#primaryimage\",\"url\":\"https:\/\/fpmaam.org\/ministere\/wp-content\/uploads\/2012\/12\/avent45-199x300.jpg\",\"contentUrl\":\"https:\/\/fpmaam.org\/ministere\/wp-content\/uploads\/2012\/12\/avent45-199x300.jpg\"},{\"@type\":\"BreadcrumbList\",\"@id\":\"https:\/\/fpmaam.org\/ministere2\/2012\/12\/20\/jour-2-un-bebe-qui-na-nulle-part-ou-crecher\/#breadcrumb\",\"itemListElement\":[{\"@type\":\"ListItem\",\"position\":1,\"name\":\"Accueil\",\"item\":\"https:\/\/fpmaam.org\/ministere2\/\"},{\"@type\":\"ListItem\",\"position\":2,\"name\":\"Jour 2 &#8211; Un b\u00e9b\u00e9 qui n\u2019a nulle part o\u00f9 cr\u00e9cher\"}]},{\"@type\":\"WebSite\",\"@id\":\"https:\/\/fpmaam.org\/ministere2\/#website\",\"url\":\"https:\/\/fpmaam.org\/ministere2\/\",\"name\":\"FPMA Aix Marseille - EGLISE PROTESTANTE MALGACHE EN FRANCE\",\"description\":\"\",\"publisher\":{\"@id\":\"https:\/\/fpmaam.org\/ministere2\/#organization\"},\"potentialAction\":[{\"@type\":\"SearchAction\",\"target\":{\"@type\":\"EntryPoint\",\"urlTemplate\":\"https:\/\/fpmaam.org\/ministere2\/?s={search_term_string}\"},\"query-input\":{\"@type\":\"PropertyValueSpecification\",\"valueRequired\":true,\"valueName\":\"search_term_string\"}}],\"inLanguage\":\"fr-FR\"},{\"@type\":\"Organization\",\"@id\":\"https:\/\/fpmaam.org\/ministere2\/#organization\",\"name\":\"FPMA Aix Marseille - EGLISE PROTESTANTE MALGACHE EN FRANCE\",\"url\":\"https:\/\/fpmaam.org\/ministere2\/\",\"logo\":{\"@type\":\"ImageObject\",\"inLanguage\":\"fr-FR\",\"@id\":\"https:\/\/fpmaam.org\/ministere2\/#\/schema\/logo\/image\/\",\"url\":\"https:\/\/fpmaam.org\/ministere2\/wp-content\/uploads\/2025\/03\/cropped-fpmaam_logo.png\",\"contentUrl\":\"https:\/\/fpmaam.org\/ministere2\/wp-content\/uploads\/2025\/03\/cropped-fpmaam_logo.png\",\"width\":240,\"height\":240,\"caption\":\"FPMA Aix Marseille - EGLISE PROTESTANTE MALGACHE EN FRANCE\"},\"image\":{\"@id\":\"https:\/\/fpmaam.org\/ministere2\/#\/schema\/logo\/image\/\"}},{\"@type\":\"Person\",\"@id\":\"https:\/\/fpmaam.org\/ministere2\/#\/schema\/person\/2125ca29a0b07a456fd343518df44b67\",\"name\":\"admin\",\"image\":{\"@type\":\"ImageObject\",\"inLanguage\":\"fr-FR\",\"@id\":\"https:\/\/fpmaam.org\/ministere2\/#\/schema\/person\/image\/\",\"url\":\"https:\/\/secure.gravatar.com\/avatar\/2000cb25cca5da2aef14093492d47a94?s=96&d=mm&r=g\",\"contentUrl\":\"https:\/\/secure.gravatar.com\/avatar\/2000cb25cca5da2aef14093492d47a94?s=96&d=mm&r=g\",\"caption\":\"admin\"},\"url\":\"https:\/\/fpmaam.org\/ministere2\/author\/admin\/\"}]}<\/script>\n<!-- \/ Yoast SEO plugin. -->","yoast_head_json":{"title":"Jour 2 - Un b\u00e9b\u00e9 qui n\u2019a nulle part o\u00f9 cr\u00e9cher - FPMA Aix Marseille - EGLISE PROTESTANTE MALGACHE EN FRANCE","robots":{"index":"index","follow":"follow","max-snippet":"max-snippet:-1","max-image-preview":"max-image-preview:large","max-video-preview":"max-video-preview:-1"},"canonical":"https:\/\/fpmaam.org\/ministere2\/2012\/12\/20\/jour-2-un-bebe-qui-na-nulle-part-ou-crecher\/","og_locale":"fr_FR","og_type":"article","og_title":"Jour 2 - Un b\u00e9b\u00e9 qui n\u2019a nulle part o\u00f9 cr\u00e9cher - FPMA Aix Marseille - EGLISE PROTESTANTE MALGACHE EN FRANCE","og_description":"Dans un trou perdu Mich\u00e9e 5-1\u00a0 Destin d\u2019une ville Bethl\u00e9em est la ville natale du roi David. Elle est situ\u00e9e \u00e0 neuf kilom\u00e8tre au sud de J\u00e9rusalem et son nom signifie \u00ab\u00a0Maison du pain\u00a0\u00bb. C\u2019est ici, promet Dieu, qu\u2019un chef viendra au monde pour apporter la libert\u00e9. Il respectera la justice et le droit, et &hellip; Continuer la lecture de &laquo;&nbsp;Jour 2 &#8211; Un b\u00e9b\u00e9 qui n\u2019a nulle part o\u00f9 cr\u00e9cher&nbsp;&raquo;","og_url":"https:\/\/fpmaam.org\/ministere2\/2012\/12\/20\/jour-2-un-bebe-qui-na-nulle-part-ou-crecher\/","og_site_name":"FPMA Aix Marseille - EGLISE PROTESTANTE MALGACHE EN FRANCE","article_published_time":"2012-12-20T00:10:04+00:00","article_modified_time":"2013-08-06T13:17:51+00:00","og_image":[{"url":"https:\/\/fpmaam.org\/ministere\/wp-content\/uploads\/2012\/12\/avent45-199x300.jpg","type":"","width":"","height":""}],"author":"admin","twitter_card":"summary_large_image","twitter_misc":{"\u00c9crit par":"admin","Dur\u00e9e de lecture estim\u00e9e":"1 minute"},"schema":{"@context":"https:\/\/schema.org","@graph":[{"@type":"Article","@id":"https:\/\/fpmaam.org\/ministere2\/2012\/12\/20\/jour-2-un-bebe-qui-na-nulle-part-ou-crecher\/#article","isPartOf":{"@id":"https:\/\/fpmaam.org\/ministere2\/2012\/12\/20\/jour-2-un-bebe-qui-na-nulle-part-ou-crecher\/"},"author":{"name":"admin","@id":"https:\/\/fpmaam.org\/ministere2\/#\/schema\/person\/2125ca29a0b07a456fd343518df44b67"},"headline":"Jour 2 &#8211; Un b\u00e9b\u00e9 qui n\u2019a nulle part o\u00f9 cr\u00e9cher","datePublished":"2012-12-20T00:10:04+00:00","dateModified":"2013-08-06T13:17:51+00:00","mainEntityOfPage":{"@id":"https:\/\/fpmaam.org\/ministere2\/2012\/12\/20\/jour-2-un-bebe-qui-na-nulle-part-ou-crecher\/"},"wordCount":287,"commentCount":0,"publisher":{"@id":"https:\/\/fpmaam.org\/ministere2\/#organization"},"image":{"@id":"https:\/\/fpmaam.org\/ministere2\/2012\/12\/20\/jour-2-un-bebe-qui-na-nulle-part-ou-crecher\/#primaryimage"},"thumbnailUrl":"https:\/\/fpmaam.org\/ministere\/wp-content\/uploads\/2012\/12\/avent45-199x300.jpg","inLanguage":"fr-FR","potentialAction":[{"@type":"CommentAction","name":"Comment","target":["https:\/\/fpmaam.org\/ministere2\/2012\/12\/20\/jour-2-un-bebe-qui-na-nulle-part-ou-crecher\/#respond"]}]},{"@type":"WebPage","@id":"https:\/\/fpmaam.org\/ministere2\/2012\/12\/20\/jour-2-un-bebe-qui-na-nulle-part-ou-crecher\/","url":"https:\/\/fpmaam.org\/ministere2\/2012\/12\/20\/jour-2-un-bebe-qui-na-nulle-part-ou-crecher\/","name":"Jour 2 - Un b\u00e9b\u00e9 qui n\u2019a nulle part o\u00f9 cr\u00e9cher - FPMA Aix Marseille - EGLISE PROTESTANTE MALGACHE EN FRANCE","isPartOf":{"@id":"https:\/\/fpmaam.org\/ministere2\/#website"},"primaryImageOfPage":{"@id":"https:\/\/fpmaam.org\/ministere2\/2012\/12\/20\/jour-2-un-bebe-qui-na-nulle-part-ou-crecher\/#primaryimage"},"image":{"@id":"https:\/\/fpmaam.org\/ministere2\/2012\/12\/20\/jour-2-un-bebe-qui-na-nulle-part-ou-crecher\/#primaryimage"},"thumbnailUrl":"https:\/\/fpmaam.org\/ministere\/wp-content\/uploads\/2012\/12\/avent45-199x300.jpg","datePublished":"2012-12-20T00:10:04+00:00","dateModified":"2013-08-06T13:17:51+00:00","breadcrumb":{"@id":"https:\/\/fpmaam.org\/ministere2\/2012\/12\/20\/jour-2-un-bebe-qui-na-nulle-part-ou-crecher\/#breadcrumb"},"inLanguage":"fr-FR","potentialAction":[{"@type":"ReadAction","target":["https:\/\/fpmaam.org\/ministere2\/2012\/12\/20\/jour-2-un-bebe-qui-na-nulle-part-ou-crecher\/"]}]},{"@type":"ImageObject","inLanguage":"fr-FR","@id":"https:\/\/fpmaam.org\/ministere2\/2012\/12\/20\/jour-2-un-bebe-qui-na-nulle-part-ou-crecher\/#primaryimage","url":"https:\/\/fpmaam.org\/ministere\/wp-content\/uploads\/2012\/12\/avent45-199x300.jpg","contentUrl":"https:\/\/fpmaam.org\/ministere\/wp-content\/uploads\/2012\/12\/avent45-199x300.jpg"},{"@type":"BreadcrumbList","@id":"https:\/\/fpmaam.org\/ministere2\/2012\/12\/20\/jour-2-un-bebe-qui-na-nulle-part-ou-crecher\/#breadcrumb","itemListElement":[{"@type":"ListItem","position":1,"name":"Accueil","item":"https:\/\/fpmaam.org\/ministere2\/"},{"@type":"ListItem","position":2,"name":"Jour 2 &#8211; Un b\u00e9b\u00e9 qui n\u2019a nulle part o\u00f9 cr\u00e9cher"}]},{"@type":"WebSite","@id":"https:\/\/fpmaam.org\/ministere2\/#website","url":"https:\/\/fpmaam.org\/ministere2\/","name":"FPMA Aix Marseille - EGLISE PROTESTANTE MALGACHE EN FRANCE","description":"","publisher":{"@id":"https:\/\/fpmaam.org\/ministere2\/#organization"},"potentialAction":[{"@type":"SearchAction","target":{"@type":"EntryPoint","urlTemplate":"https:\/\/fpmaam.org\/ministere2\/?s={search_term_string}"},"query-input":{"@type":"PropertyValueSpecification","valueRequired":true,"valueName":"search_term_string"}}],"inLanguage":"fr-FR"},{"@type":"Organization","@id":"https:\/\/fpmaam.org\/ministere2\/#organization","name":"FPMA Aix Marseille - EGLISE PROTESTANTE MALGACHE EN FRANCE","url":"https:\/\/fpmaam.org\/ministere2\/","logo":{"@type":"ImageObject","inLanguage":"fr-FR","@id":"https:\/\/fpmaam.org\/ministere2\/#\/schema\/logo\/image\/","url":"https:\/\/fpmaam.org\/ministere2\/wp-content\/uploads\/2025\/03\/cropped-fpmaam_logo.png","contentUrl":"https:\/\/fpmaam.org\/ministere2\/wp-content\/uploads\/2025\/03\/cropped-fpmaam_logo.png","width":240,"height":240,"caption":"FPMA Aix Marseille - EGLISE PROTESTANTE MALGACHE EN FRANCE"},"image":{"@id":"https:\/\/fpmaam.org\/ministere2\/#\/schema\/logo\/image\/"}},{"@type":"Person","@id":"https:\/\/fpmaam.org\/ministere2\/#\/schema\/person\/2125ca29a0b07a456fd343518df44b67","name":"admin","image":{"@type":"ImageObject","inLanguage":"fr-FR","@id":"https:\/\/fpmaam.org\/ministere2\/#\/schema\/person\/image\/","url":"https:\/\/secure.gravatar.com\/avatar\/2000cb25cca5da2aef14093492d47a94?s=96&d=mm&r=g","contentUrl":"https:\/\/secure.gravatar.com\/avatar\/2000cb25cca5da2aef14093492d47a94?s=96&d=mm&r=g","caption":"admin"},"url":"https:\/\/fpmaam.org\/ministere2\/author\/admin\/"}]}},"_links":{"self":[{"href":"https:\/\/fpmaam.org\/ministere2\/wp-json\/wp\/v2\/posts\/1149","targetHints":{"allow":["GET"]}}],"collection":[{"href":"https:\/\/fpmaam.org\/ministere2\/wp-json\/wp\/v2\/posts"}],"about":[{"href":"https:\/\/fpmaam.org\/ministere2\/wp-json\/wp\/v2\/types\/post"}],"author":[{"embeddable":true,"href":"https:\/\/fpmaam.org\/ministere2\/wp-json\/wp\/v2\/users\/1"}],"replies":[{"embeddable":true,"href":"https:\/\/fpmaam.org\/ministere2\/wp-json\/wp\/v2\/comments?post=1149"}],"version-history":[{"count":6,"href":"https:\/\/fpmaam.org\/ministere2\/wp-json\/wp\/v2\/posts\/1149\/revisions"}],"predecessor-version":[{"id":1669,"href":"https:\/\/fpmaam.org\/ministere2\/wp-json\/wp\/v2\/posts\/1149\/revisions\/1669"}],"wp:attachment":[{"href":"https:\/\/fpmaam.org\/ministere2\/wp-json\/wp\/v2\/media?parent=1149"}],"wp:term":[{"taxonomy":"category","embeddable":true,"href":"https:\/\/fpmaam.org\/ministere2\/wp-json\/wp\/v2\/categories?post=1149"},{"taxonomy":"post_tag","embeddable":true,"href":"https:\/\/fpmaam.org\/ministere2\/wp-json\/wp\/v2\/tags?post=1149"}],"curies":[{"name":"wp","href":"https:\/\/api.w.org\/{rel}","templated":true}]}}