{"id":14076,"date":"2015-11-17T20:40:58","date_gmt":"2015-11-17T19:40:58","guid":{"rendered":"https:\/\/fpmaam.org\/ministere\/?p=14076"},"modified":"2015-11-17T20:42:35","modified_gmt":"2015-11-17T19:42:35","slug":"chorale-concert-et-comedie-musicale-sedra","status":"publish","type":"post","link":"https:\/\/fpmaam.org\/ministere2\/2015\/11\/17\/chorale-concert-et-comedie-musicale-sedra\/","title":{"rendered":"Chorale  &#8211; CONCERT et com\u00e9die musicale \u00ab SEDRA \u00bb"},"content":{"rendered":"<div class=\"vc_row wpb_row vc_row-fluid\"><div class=\"wpb_column vc_column_container vc_col-sm-12\"><div class=\"vc_column-inner\"><div class=\"wpb_wrapper\">\n\t<div class=\"wpb_video_widget wpb_content_element vc_clearfix   vc_video-aspect-ratio-169 vc_video-el-width-100 vc_video-align-left\" >\n\t\t<div class=\"wpb_wrapper\">\n\t\t\t<h2 class=\"wpb_heading wpb_video_heading\">Chorale - AMAFI - FPMAAM.org<\/h2>\n\t\t\t<div class=\"wpb_video_wrapper\"><iframe loading=\"lazy\" title=\"Chorale AMAFI - FPMAAM.org  - RINDRAN-KIRA ara-pilazantsara sy Com\u00e9die Musicale \u201cSEDRA\u201d\" width=\"840\" height=\"473\" src=\"https:\/\/www.youtube.com\/embed\/9zViX5VwMnk?feature=oembed\" frameborder=\"0\" allow=\"accelerometer; autoplay; clipboard-write; encrypted-media; gyroscope; picture-in-picture; web-share\" referrerpolicy=\"strict-origin-when-cross-origin\" allowfullscreen><\/iframe><\/div>\n\t\t<\/div>\n\t<\/div>\n<\/div><\/div><\/div><\/div><div class=\"vc_row wpb_row vc_row-fluid\"><div class=\"wpb_column vc_column_container vc_col-sm-12\"><div class=\"vc_column-inner\"><div class=\"wpb_wrapper\">\n\t<div class=\"wpb_text_column wpb_content_element \" >\n\t\t<div class=\"wpb_wrapper\">\n\t\t\t<p>\u00ab\u00a0Fa izaho kosa dia hanantena mandrakariva, ary hitombo lalandava ny fider\u00e0ko Azy \u00a0\u00bb<br \/>\n(Salamo 71:14)<\/p>\n<p>Fifaliana ho anay Antoko Mpihira ANTSA FIDERANA FPMA Aix-Marseille ny manasa anareo hanotrona ny:<br \/>\nRINDRAN-KIRA<br \/>\nara-pilazantsara sy Com\u00e9die Musicale \u201cSEDRA\u201d izay hotontosainay ny<br \/>\nAsabotsy 28 Novambra 2015 manomboka amin&rsquo;ny 8 ora alina<\/p>\n<p>ao amin&rsquo;ny Maison Cabot Rouvi\u00e8re &#8211; 78 Bd du Redon &#8211; 13009 Marseille<\/p>\n<p>Ny fandraisan&rsquo;anjara dia: 5 euros ( Ankizy latsaky ny 3 taona tsy mandoa) &#8211; Hisy sakafo sy tsakitsaky hamidy eny an-toerana<\/p>\n<p>\u00ab Et moi, j&rsquo;esp\u00e9rerai toujours, Je te louerai de plus en plus\u00bb (Psaume 71 : 14)<\/p>\n<p>La Chorale Antsa Fiderana de l\u2019\u00c9glise Protestante Malgache Aix-Marseille est heureuse de vous inviter \u00e0 honorer de votre pr\u00e9sence au:<br \/>\nCONCERT et la com\u00e9die musicale \u00ab SEDRA \u00bb<br \/>\nqu\u2019elle organise<\/p>\n<p>Le samedi 28 Novembre 2015 \u00e0 20 heures<br \/>\n\u00e0 la Maison Cabot Rouvi\u00e8re &#8211; 78 Bd du Redon &#8211; 13009 Marseille<\/p>\n<p>PAF: 5\u20ac<br \/>\n(Gratuit pour les moins de 3 ans)<\/p>\n<p>Une restauration (barquette) sera mise en place pendant le concert<\/p>\n\n\t\t<\/div>\n\t<\/div>\n<\/div><\/div><\/div><\/div>\n","protected":false},"excerpt":{"rendered":"Chorale - AMAFI - FPMAAM.org \"Fa izaho kosa dia hanantena mandrakariva, ary hitombo lalandava ny fider\u00e0ko Azy \" (Salamo 71:14) Fifaliana ho anay Antoko Mpihira ANTSA FIDERANA FPMA Aix-Marseille ny manasa anareo hanotrona ny: RINDRAN-KIRA ara-pilazantsara sy Com\u00e9die Musicale \u201cSEDRA\u201d izay hotontosainay ny Asabotsy 28 Novambra 2015 manomboka amin'ny 8 ora alina ao amin'ny Maison &hellip; <a href=\"https:\/\/fpmaam.org\/ministere2\/2015\/11\/17\/chorale-concert-et-comedie-musicale-sedra\/\" class=\"more-link\">Continuer la lecture<span class=\"screen-reader-text\"> de &laquo;&nbsp;Chorale  &#8211; CONCERT et com\u00e9die musicale \u00ab SEDRA \u00bb&nbsp;&raquo;<\/span><\/a>","protected":false},"author":1,"featured_media":0,"comment_status":"open","ping_status":"open","sticky":false,"template":"","format":"standard","meta":{"footnotes":""},"categories":[],"tags":[],"class_list":["post-14076","post","type-post","status-publish","format-standard","hentry"],"yoast_head":"<!-- This site is optimized with the Yoast SEO plugin v26.8 - https:\/\/yoast.com\/product\/yoast-seo-wordpress\/ -->\n<title>Chorale - CONCERT et com\u00e9die musicale \u00ab SEDRA \u00bb - FPMA Aix Marseille - EGLISE PROTESTANTE MALGACHE EN FRANCE<\/title>\n<meta name=\"robots\" content=\"index, follow, max-snippet:-1, max-image-preview:large, max-video-preview:-1\" \/>\n<link rel=\"canonical\" href=\"https:\/\/fpmaam.org\/ministere2\/2015\/11\/17\/chorale-concert-et-comedie-musicale-sedra\/\" \/>\n<meta property=\"og:locale\" content=\"fr_FR\" \/>\n<meta property=\"og:type\" content=\"article\" \/>\n<meta property=\"og:title\" content=\"Chorale - CONCERT et com\u00e9die musicale \u00ab SEDRA \u00bb - FPMA Aix Marseille - EGLISE PROTESTANTE MALGACHE EN FRANCE\" \/>\n<meta property=\"og:url\" content=\"https:\/\/fpmaam.org\/ministere2\/2015\/11\/17\/chorale-concert-et-comedie-musicale-sedra\/\" \/>\n<meta property=\"og:site_name\" content=\"FPMA Aix Marseille - EGLISE PROTESTANTE MALGACHE EN FRANCE\" \/>\n<meta property=\"article:published_time\" content=\"2015-11-17T19:40:58+00:00\" \/>\n<meta property=\"article:modified_time\" content=\"2015-11-17T19:42:35+00:00\" \/>\n<meta name=\"author\" content=\"admin\" \/>\n<meta name=\"twitter:card\" content=\"summary_large_image\" \/>\n<meta name=\"twitter:label1\" content=\"\u00c9crit par\" \/>\n\t<meta name=\"twitter:data1\" content=\"admin\" \/>\n\t<meta name=\"twitter:label2\" content=\"Dur\u00e9e de lecture estim\u00e9e\" \/>\n\t<meta name=\"twitter:data2\" content=\"3 minutes\" \/>\n<script type=\"application\/ld+json\" class=\"yoast-schema-graph\">{\"@context\":\"https:\/\/schema.org\",\"@graph\":[{\"@type\":\"Article\",\"@id\":\"https:\/\/fpmaam.org\/ministere2\/2015\/11\/17\/chorale-concert-et-comedie-musicale-sedra\/#article\",\"isPartOf\":{\"@id\":\"https:\/\/fpmaam.org\/ministere2\/2015\/11\/17\/chorale-concert-et-comedie-musicale-sedra\/\"},\"author\":{\"name\":\"admin\",\"@id\":\"https:\/\/fpmaam.org\/ministere2\/#\/schema\/person\/2125ca29a0b07a456fd343518df44b67\"},\"headline\":\"Chorale &#8211; CONCERT et com\u00e9die musicale \u00ab SEDRA \u00bb\",\"datePublished\":\"2015-11-17T19:40:58+00:00\",\"dateModified\":\"2015-11-17T19:42:35+00:00\",\"mainEntityOfPage\":{\"@id\":\"https:\/\/fpmaam.org\/ministere2\/2015\/11\/17\/chorale-concert-et-comedie-musicale-sedra\/\"},\"wordCount\":589,\"commentCount\":0,\"publisher\":{\"@id\":\"https:\/\/fpmaam.org\/ministere2\/#organization\"},\"inLanguage\":\"fr-FR\",\"potentialAction\":[{\"@type\":\"CommentAction\",\"name\":\"Comment\",\"target\":[\"https:\/\/fpmaam.org\/ministere2\/2015\/11\/17\/chorale-concert-et-comedie-musicale-sedra\/#respond\"]}]},{\"@type\":\"WebPage\",\"@id\":\"https:\/\/fpmaam.org\/ministere2\/2015\/11\/17\/chorale-concert-et-comedie-musicale-sedra\/\",\"url\":\"https:\/\/fpmaam.org\/ministere2\/2015\/11\/17\/chorale-concert-et-comedie-musicale-sedra\/\",\"name\":\"Chorale - CONCERT et com\u00e9die musicale \u00ab SEDRA \u00bb - FPMA Aix Marseille - EGLISE PROTESTANTE MALGACHE EN FRANCE\",\"isPartOf\":{\"@id\":\"https:\/\/fpmaam.org\/ministere2\/#website\"},\"datePublished\":\"2015-11-17T19:40:58+00:00\",\"dateModified\":\"2015-11-17T19:42:35+00:00\",\"breadcrumb\":{\"@id\":\"https:\/\/fpmaam.org\/ministere2\/2015\/11\/17\/chorale-concert-et-comedie-musicale-sedra\/#breadcrumb\"},\"inLanguage\":\"fr-FR\",\"potentialAction\":[{\"@type\":\"ReadAction\",\"target\":[\"https:\/\/fpmaam.org\/ministere2\/2015\/11\/17\/chorale-concert-et-comedie-musicale-sedra\/\"]}]},{\"@type\":\"BreadcrumbList\",\"@id\":\"https:\/\/fpmaam.org\/ministere2\/2015\/11\/17\/chorale-concert-et-comedie-musicale-sedra\/#breadcrumb\",\"itemListElement\":[{\"@type\":\"ListItem\",\"position\":1,\"name\":\"Accueil\",\"item\":\"https:\/\/fpmaam.org\/ministere2\/\"},{\"@type\":\"ListItem\",\"position\":2,\"name\":\"Chorale &#8211; CONCERT et com\u00e9die musicale \u00ab SEDRA \u00bb\"}]},{\"@type\":\"WebSite\",\"@id\":\"https:\/\/fpmaam.org\/ministere2\/#website\",\"url\":\"https:\/\/fpmaam.org\/ministere2\/\",\"name\":\"FPMA Aix Marseille - EGLISE PROTESTANTE MALGACHE EN FRANCE\",\"description\":\"\",\"publisher\":{\"@id\":\"https:\/\/fpmaam.org\/ministere2\/#organization\"},\"potentialAction\":[{\"@type\":\"SearchAction\",\"target\":{\"@type\":\"EntryPoint\",\"urlTemplate\":\"https:\/\/fpmaam.org\/ministere2\/?s={search_term_string}\"},\"query-input\":{\"@type\":\"PropertyValueSpecification\",\"valueRequired\":true,\"valueName\":\"search_term_string\"}}],\"inLanguage\":\"fr-FR\"},{\"@type\":\"Organization\",\"@id\":\"https:\/\/fpmaam.org\/ministere2\/#organization\",\"name\":\"FPMA Aix Marseille - EGLISE PROTESTANTE MALGACHE EN FRANCE\",\"url\":\"https:\/\/fpmaam.org\/ministere2\/\",\"logo\":{\"@type\":\"ImageObject\",\"inLanguage\":\"fr-FR\",\"@id\":\"https:\/\/fpmaam.org\/ministere2\/#\/schema\/logo\/image\/\",\"url\":\"https:\/\/fpmaam.org\/ministere2\/wp-content\/uploads\/2025\/03\/cropped-fpmaam_logo.png\",\"contentUrl\":\"https:\/\/fpmaam.org\/ministere2\/wp-content\/uploads\/2025\/03\/cropped-fpmaam_logo.png\",\"width\":240,\"height\":240,\"caption\":\"FPMA Aix Marseille - EGLISE PROTESTANTE MALGACHE EN FRANCE\"},\"image\":{\"@id\":\"https:\/\/fpmaam.org\/ministere2\/#\/schema\/logo\/image\/\"}},{\"@type\":\"Person\",\"@id\":\"https:\/\/fpmaam.org\/ministere2\/#\/schema\/person\/2125ca29a0b07a456fd343518df44b67\",\"name\":\"admin\",\"image\":{\"@type\":\"ImageObject\",\"inLanguage\":\"fr-FR\",\"@id\":\"https:\/\/fpmaam.org\/ministere2\/#\/schema\/person\/image\/\",\"url\":\"https:\/\/secure.gravatar.com\/avatar\/2000cb25cca5da2aef14093492d47a94?s=96&d=mm&r=g\",\"contentUrl\":\"https:\/\/secure.gravatar.com\/avatar\/2000cb25cca5da2aef14093492d47a94?s=96&d=mm&r=g\",\"caption\":\"admin\"},\"url\":\"https:\/\/fpmaam.org\/ministere2\/author\/admin\/\"}]}<\/script>\n<!-- \/ Yoast SEO plugin. -->","yoast_head_json":{"title":"Chorale - CONCERT et com\u00e9die musicale \u00ab SEDRA \u00bb - FPMA Aix Marseille - EGLISE PROTESTANTE MALGACHE EN FRANCE","robots":{"index":"index","follow":"follow","max-snippet":"max-snippet:-1","max-image-preview":"max-image-preview:large","max-video-preview":"max-video-preview:-1"},"canonical":"https:\/\/fpmaam.org\/ministere2\/2015\/11\/17\/chorale-concert-et-comedie-musicale-sedra\/","og_locale":"fr_FR","og_type":"article","og_title":"Chorale - CONCERT et com\u00e9die musicale \u00ab SEDRA \u00bb - FPMA Aix Marseille - EGLISE PROTESTANTE MALGACHE EN FRANCE","og_url":"https:\/\/fpmaam.org\/ministere2\/2015\/11\/17\/chorale-concert-et-comedie-musicale-sedra\/","og_site_name":"FPMA Aix Marseille - EGLISE PROTESTANTE MALGACHE EN FRANCE","article_published_time":"2015-11-17T19:40:58+00:00","article_modified_time":"2015-11-17T19:42:35+00:00","author":"admin","twitter_card":"summary_large_image","twitter_misc":{"\u00c9crit par":"admin","Dur\u00e9e de lecture estim\u00e9e":"3 minutes"},"schema":{"@context":"https:\/\/schema.org","@graph":[{"@type":"Article","@id":"https:\/\/fpmaam.org\/ministere2\/2015\/11\/17\/chorale-concert-et-comedie-musicale-sedra\/#article","isPartOf":{"@id":"https:\/\/fpmaam.org\/ministere2\/2015\/11\/17\/chorale-concert-et-comedie-musicale-sedra\/"},"author":{"name":"admin","@id":"https:\/\/fpmaam.org\/ministere2\/#\/schema\/person\/2125ca29a0b07a456fd343518df44b67"},"headline":"Chorale &#8211; CONCERT et com\u00e9die musicale \u00ab SEDRA \u00bb","datePublished":"2015-11-17T19:40:58+00:00","dateModified":"2015-11-17T19:42:35+00:00","mainEntityOfPage":{"@id":"https:\/\/fpmaam.org\/ministere2\/2015\/11\/17\/chorale-concert-et-comedie-musicale-sedra\/"},"wordCount":589,"commentCount":0,"publisher":{"@id":"https:\/\/fpmaam.org\/ministere2\/#organization"},"inLanguage":"fr-FR","potentialAction":[{"@type":"CommentAction","name":"Comment","target":["https:\/\/fpmaam.org\/ministere2\/2015\/11\/17\/chorale-concert-et-comedie-musicale-sedra\/#respond"]}]},{"@type":"WebPage","@id":"https:\/\/fpmaam.org\/ministere2\/2015\/11\/17\/chorale-concert-et-comedie-musicale-sedra\/","url":"https:\/\/fpmaam.org\/ministere2\/2015\/11\/17\/chorale-concert-et-comedie-musicale-sedra\/","name":"Chorale - CONCERT et com\u00e9die musicale \u00ab SEDRA \u00bb - FPMA Aix Marseille - EGLISE PROTESTANTE MALGACHE EN FRANCE","isPartOf":{"@id":"https:\/\/fpmaam.org\/ministere2\/#website"},"datePublished":"2015-11-17T19:40:58+00:00","dateModified":"2015-11-17T19:42:35+00:00","breadcrumb":{"@id":"https:\/\/fpmaam.org\/ministere2\/2015\/11\/17\/chorale-concert-et-comedie-musicale-sedra\/#breadcrumb"},"inLanguage":"fr-FR","potentialAction":[{"@type":"ReadAction","target":["https:\/\/fpmaam.org\/ministere2\/2015\/11\/17\/chorale-concert-et-comedie-musicale-sedra\/"]}]},{"@type":"BreadcrumbList","@id":"https:\/\/fpmaam.org\/ministere2\/2015\/11\/17\/chorale-concert-et-comedie-musicale-sedra\/#breadcrumb","itemListElement":[{"@type":"ListItem","position":1,"name":"Accueil","item":"https:\/\/fpmaam.org\/ministere2\/"},{"@type":"ListItem","position":2,"name":"Chorale &#8211; CONCERT et com\u00e9die musicale \u00ab SEDRA \u00bb"}]},{"@type":"WebSite","@id":"https:\/\/fpmaam.org\/ministere2\/#website","url":"https:\/\/fpmaam.org\/ministere2\/","name":"FPMA Aix Marseille - EGLISE PROTESTANTE MALGACHE EN FRANCE","description":"","publisher":{"@id":"https:\/\/fpmaam.org\/ministere2\/#organization"},"potentialAction":[{"@type":"SearchAction","target":{"@type":"EntryPoint","urlTemplate":"https:\/\/fpmaam.org\/ministere2\/?s={search_term_string}"},"query-input":{"@type":"PropertyValueSpecification","valueRequired":true,"valueName":"search_term_string"}}],"inLanguage":"fr-FR"},{"@type":"Organization","@id":"https:\/\/fpmaam.org\/ministere2\/#organization","name":"FPMA Aix Marseille - EGLISE PROTESTANTE MALGACHE EN FRANCE","url":"https:\/\/fpmaam.org\/ministere2\/","logo":{"@type":"ImageObject","inLanguage":"fr-FR","@id":"https:\/\/fpmaam.org\/ministere2\/#\/schema\/logo\/image\/","url":"https:\/\/fpmaam.org\/ministere2\/wp-content\/uploads\/2025\/03\/cropped-fpmaam_logo.png","contentUrl":"https:\/\/fpmaam.org\/ministere2\/wp-content\/uploads\/2025\/03\/cropped-fpmaam_logo.png","width":240,"height":240,"caption":"FPMA Aix Marseille - EGLISE PROTESTANTE MALGACHE EN FRANCE"},"image":{"@id":"https:\/\/fpmaam.org\/ministere2\/#\/schema\/logo\/image\/"}},{"@type":"Person","@id":"https:\/\/fpmaam.org\/ministere2\/#\/schema\/person\/2125ca29a0b07a456fd343518df44b67","name":"admin","image":{"@type":"ImageObject","inLanguage":"fr-FR","@id":"https:\/\/fpmaam.org\/ministere2\/#\/schema\/person\/image\/","url":"https:\/\/secure.gravatar.com\/avatar\/2000cb25cca5da2aef14093492d47a94?s=96&d=mm&r=g","contentUrl":"https:\/\/secure.gravatar.com\/avatar\/2000cb25cca5da2aef14093492d47a94?s=96&d=mm&r=g","caption":"admin"},"url":"https:\/\/fpmaam.org\/ministere2\/author\/admin\/"}]}},"_links":{"self":[{"href":"https:\/\/fpmaam.org\/ministere2\/wp-json\/wp\/v2\/posts\/14076","targetHints":{"allow":["GET"]}}],"collection":[{"href":"https:\/\/fpmaam.org\/ministere2\/wp-json\/wp\/v2\/posts"}],"about":[{"href":"https:\/\/fpmaam.org\/ministere2\/wp-json\/wp\/v2\/types\/post"}],"author":[{"embeddable":true,"href":"https:\/\/fpmaam.org\/ministere2\/wp-json\/wp\/v2\/users\/1"}],"replies":[{"embeddable":true,"href":"https:\/\/fpmaam.org\/ministere2\/wp-json\/wp\/v2\/comments?post=14076"}],"version-history":[{"count":3,"href":"https:\/\/fpmaam.org\/ministere2\/wp-json\/wp\/v2\/posts\/14076\/revisions"}],"predecessor-version":[{"id":14080,"href":"https:\/\/fpmaam.org\/ministere2\/wp-json\/wp\/v2\/posts\/14076\/revisions\/14080"}],"wp:attachment":[{"href":"https:\/\/fpmaam.org\/ministere2\/wp-json\/wp\/v2\/media?parent=14076"}],"wp:term":[{"taxonomy":"category","embeddable":true,"href":"https:\/\/fpmaam.org\/ministere2\/wp-json\/wp\/v2\/categories?post=14076"},{"taxonomy":"post_tag","embeddable":true,"href":"https:\/\/fpmaam.org\/ministere2\/wp-json\/wp\/v2\/tags?post=14076"}],"curies":[{"name":"wp","href":"https:\/\/api.w.org\/{rel}","templated":true}]}}