{"id":14084,"date":"2015-12-09T22:05:03","date_gmt":"2015-12-09T21:05:03","guid":{"rendered":"https:\/\/fpmaam.org\/ministere\/?p=14084"},"modified":"2015-12-09T22:12:54","modified_gmt":"2015-12-09T21:12:54","slug":"concert-de-noel-2015","status":"publish","type":"post","link":"https:\/\/fpmaam.org\/ministere2\/2015\/12\/09\/concert-de-noel-2015\/","title":{"rendered":"Concert de No\u00ebl 2015"},"content":{"rendered":"<div class=\"vc_row wpb_row vc_row-fluid\"><div class=\"wpb_column vc_column_container vc_col-sm-12\"><div class=\"vc_column-inner\"><div class=\"wpb_wrapper\">\n\t<div class=\"wpb_text_column wpb_content_element \" >\n\t\t<div class=\"wpb_wrapper\">\n\t\t\t<p>\u00ab\u00a0Fa Zaza no teraka ho antsika, Zazalahy no omena antsika; ary ny fanapahana dia eo an-tsorony, ary ny anarany atao hoe : \u00ab\u00a0Mahagaga, Mpanolo-tsaina, Andriamanitra mahery, Rain&rsquo;ny mandrakizay, Andrian&rsquo;ny fiadanana\u00a0\u00bb (Isaia 9 : 5)<\/p>\n<p>&nbsp;<\/p>\n<p>Fifaliana lehibe ho an&rsquo;ny Antoko Mpihira ANTSA FIDERANA (AMAFI) FPMA Aix-Marseille no manasa antsika mpianakavin&rsquo;ny finoana hiaraka hanome voninahitra sy hidera an&rsquo;Andriamanitra aminy ho fankalazana ny nahaterahan&rsquo;Ilay Mpamonjy amin&rsquo;ny:<\/p>\n<p style=\"text-align: center;\">ANTSAM-PANAHY SASAKALIN&rsquo;NY KRISMASY izay hataony ny:<\/p>\n<p>&nbsp;<\/p>\n<p>Alakamisy 24 desambra 2015 manomboka amin&rsquo;ny 9 ora sy sasany alina<\/p>\n<p>ao amin&rsquo;ny Eglise Protestante Unie de France GRIGNAN<\/p>\n<p>15, rue Grignan &#8211;\u00a0\u00a0 13006 Marseille<\/p>\n<p>&nbsp;<\/p>\n<p>Bus: \u00a0\u00a0 Canebi\u00e8re-Bourse, Gabriel Peri, R\u00e9publique-Vieux Port<br \/>\nM\u00e9tro:Vieux Port\u00a0\u00a0\u00a0\u00a0 Tramway: Belsunce\/Alcazar.<\/p>\n<p>&nbsp;<\/p>\n<p>Manantena ny fahatongavantsika maro ka ny adidy ho vita ary ny fiderana sy fankalazana ny fahaterahan&rsquo;ny Mpamonjy ho atao.<\/p>\n<p>Manao veloma finaritra ao amin&rsquo;ny Tompo ary mirary sahady Krismasy sambatra ho antsika rehetra,<\/p>\n<p>&nbsp;<\/p>\n<p>Ny Antoko Mpihira ANTSA FIDERANA<\/p>\n<p>Tafo FPMA Aix-Marseille<\/p>\n<p>\u00ab\u00a0Aujourd\u2019hui dans la ville de David, il vous est n\u00e9 un Sauveur, qui est le Christ, le Seigneur\u00a0\u00bb\u00a0\u00a0 &#8211; Luc 2, 11<\/p>\n\n\t\t<\/div>\n\t<\/div>\n<\/div><\/div><\/div><\/div><div class=\"vc_row wpb_row vc_row-fluid\"><div class=\"wpb_column vc_column_container vc_col-sm-12\"><div class=\"vc_column-inner\"><div class=\"wpb_wrapper\">\n\t<div  class=\"wpb_single_image wpb_content_element vc_align_center\">\n\t\t\n\t\t<figure class=\"wpb_wrapper vc_figure\">\n\t\t\t<div class=\"vc_single_image-wrapper vc_box_border  vc_box_border_grey\"><\/div>\n\t\t<\/figure>\n\t<\/div>\n<\/div><\/div><\/div><\/div><div class=\"vc_row wpb_row vc_row-fluid\"><div class=\"wpb_column vc_column_container vc_col-sm-12\"><div class=\"vc_column-inner\"><div class=\"wpb_wrapper\">\n\t<div class=\"wpb_text_column wpb_content_element \" >\n\t\t<div class=\"wpb_wrapper\">\n\t\t\t<p>CONCERT DE NOEL<\/p>\n<p>Jeudi 24 D\u00e9cembre 2015 \u00e0 21h30<\/p>\n<p>Eglise Protestante Unie de France GRIGNAN<\/p>\n<p>15, rue Grignan &#8211;\u00a0\u00a0 13006 Marseile<\/p>\n<p>&nbsp;<\/p>\n<p>Bus: \u00a0\u00a0\u00a0 Canebi\u00e8re-Bourse, Gabriel Peri, R\u00e9publique-Vieux Port<br \/>\nM\u00e9tro:Vieux Port\u00a0\u00a0\u00a0\u00a0 Tramway: Belsunce\/Alcazar.<\/p>\n\n\t\t<\/div>\n\t<\/div>\n<\/div><\/div><\/div><\/div><div class=\"vc_row wpb_row vc_row-fluid\"><div class=\"wpb_column vc_column_container vc_col-sm-12\"><div class=\"vc_column-inner\"><div class=\"wpb_wrapper\">\n\t<div  class=\"wpb_single_image wpb_content_element vc_align_left\">\n\t\t\n\t\t<figure class=\"wpb_wrapper vc_figure\">\n\t\t\t<div class=\"vc_single_image-wrapper   vc_box_border_grey\"><\/div>\n\t\t<\/figure>\n\t<\/div>\n<\/div><\/div><\/div><\/div>\n","protected":false},"excerpt":{"rendered":"\"Fa Zaza no teraka ho antsika, Zazalahy no omena antsika; ary ny fanapahana dia eo an-tsorony, ary ny anarany atao hoe : \"Mahagaga, Mpanolo-tsaina, Andriamanitra mahery, Rain'ny mandrakizay, Andrian'ny fiadanana\" (Isaia 9 : 5) &nbsp; Fifaliana lehibe ho an'ny Antoko Mpihira ANTSA FIDERANA (AMAFI) FPMA Aix-Marseille no manasa antsika mpianakavin'ny finoana hiaraka hanome voninahitra sy &hellip; <a href=\"https:\/\/fpmaam.org\/ministere2\/2015\/12\/09\/concert-de-noel-2015\/\" class=\"more-link\">Continuer la lecture<span class=\"screen-reader-text\"> de &laquo;&nbsp;Concert de No\u00ebl 2015&nbsp;&raquo;<\/span><\/a>","protected":false},"author":1,"featured_media":0,"comment_status":"open","ping_status":"open","sticky":false,"template":"","format":"standard","meta":{"footnotes":""},"categories":[],"tags":[],"class_list":["post-14084","post","type-post","status-publish","format-standard","hentry"],"yoast_head":"<!-- This site is optimized with the Yoast SEO plugin v26.8 - https:\/\/yoast.com\/product\/yoast-seo-wordpress\/ -->\n<title>Concert de No\u00ebl 2015 - FPMA Aix Marseille - EGLISE PROTESTANTE MALGACHE EN FRANCE<\/title>\n<meta name=\"robots\" content=\"index, follow, max-snippet:-1, max-image-preview:large, max-video-preview:-1\" \/>\n<link rel=\"canonical\" href=\"https:\/\/fpmaam.org\/ministere2\/2015\/12\/09\/concert-de-noel-2015\/\" \/>\n<meta property=\"og:locale\" content=\"fr_FR\" \/>\n<meta property=\"og:type\" content=\"article\" \/>\n<meta property=\"og:title\" content=\"Concert de No\u00ebl 2015 - FPMA Aix Marseille - EGLISE PROTESTANTE MALGACHE EN FRANCE\" \/>\n<meta property=\"og:url\" content=\"https:\/\/fpmaam.org\/ministere2\/2015\/12\/09\/concert-de-noel-2015\/\" \/>\n<meta property=\"og:site_name\" content=\"FPMA Aix Marseille - EGLISE PROTESTANTE MALGACHE EN FRANCE\" \/>\n<meta property=\"article:published_time\" content=\"2015-12-09T21:05:03+00:00\" \/>\n<meta property=\"article:modified_time\" content=\"2015-12-09T21:12:54+00:00\" \/>\n<meta name=\"author\" content=\"admin\" \/>\n<meta name=\"twitter:card\" content=\"summary_large_image\" \/>\n<meta name=\"twitter:label1\" content=\"\u00c9crit par\" \/>\n\t<meta name=\"twitter:data1\" content=\"admin\" \/>\n\t<meta name=\"twitter:label2\" content=\"Dur\u00e9e de lecture estim\u00e9e\" \/>\n\t<meta name=\"twitter:data2\" content=\"4 minutes\" \/>\n<script type=\"application\/ld+json\" class=\"yoast-schema-graph\">{\"@context\":\"https:\/\/schema.org\",\"@graph\":[{\"@type\":\"Article\",\"@id\":\"https:\/\/fpmaam.org\/ministere2\/2015\/12\/09\/concert-de-noel-2015\/#article\",\"isPartOf\":{\"@id\":\"https:\/\/fpmaam.org\/ministere2\/2015\/12\/09\/concert-de-noel-2015\/\"},\"author\":{\"name\":\"admin\",\"@id\":\"https:\/\/fpmaam.org\/ministere2\/#\/schema\/person\/2125ca29a0b07a456fd343518df44b67\"},\"headline\":\"Concert de No\u00ebl 2015\",\"datePublished\":\"2015-12-09T21:05:03+00:00\",\"dateModified\":\"2015-12-09T21:12:54+00:00\",\"mainEntityOfPage\":{\"@id\":\"https:\/\/fpmaam.org\/ministere2\/2015\/12\/09\/concert-de-noel-2015\/\"},\"wordCount\":879,\"commentCount\":0,\"publisher\":{\"@id\":\"https:\/\/fpmaam.org\/ministere2\/#organization\"},\"inLanguage\":\"fr-FR\",\"potentialAction\":[{\"@type\":\"CommentAction\",\"name\":\"Comment\",\"target\":[\"https:\/\/fpmaam.org\/ministere2\/2015\/12\/09\/concert-de-noel-2015\/#respond\"]}]},{\"@type\":\"WebPage\",\"@id\":\"https:\/\/fpmaam.org\/ministere2\/2015\/12\/09\/concert-de-noel-2015\/\",\"url\":\"https:\/\/fpmaam.org\/ministere2\/2015\/12\/09\/concert-de-noel-2015\/\",\"name\":\"Concert de No\u00ebl 2015 - FPMA Aix Marseille - EGLISE PROTESTANTE MALGACHE EN FRANCE\",\"isPartOf\":{\"@id\":\"https:\/\/fpmaam.org\/ministere2\/#website\"},\"datePublished\":\"2015-12-09T21:05:03+00:00\",\"dateModified\":\"2015-12-09T21:12:54+00:00\",\"breadcrumb\":{\"@id\":\"https:\/\/fpmaam.org\/ministere2\/2015\/12\/09\/concert-de-noel-2015\/#breadcrumb\"},\"inLanguage\":\"fr-FR\",\"potentialAction\":[{\"@type\":\"ReadAction\",\"target\":[\"https:\/\/fpmaam.org\/ministere2\/2015\/12\/09\/concert-de-noel-2015\/\"]}]},{\"@type\":\"BreadcrumbList\",\"@id\":\"https:\/\/fpmaam.org\/ministere2\/2015\/12\/09\/concert-de-noel-2015\/#breadcrumb\",\"itemListElement\":[{\"@type\":\"ListItem\",\"position\":1,\"name\":\"Accueil\",\"item\":\"https:\/\/fpmaam.org\/ministere2\/\"},{\"@type\":\"ListItem\",\"position\":2,\"name\":\"Concert de No\u00ebl 2015\"}]},{\"@type\":\"WebSite\",\"@id\":\"https:\/\/fpmaam.org\/ministere2\/#website\",\"url\":\"https:\/\/fpmaam.org\/ministere2\/\",\"name\":\"FPMA Aix Marseille - EGLISE PROTESTANTE MALGACHE EN FRANCE\",\"description\":\"\",\"publisher\":{\"@id\":\"https:\/\/fpmaam.org\/ministere2\/#organization\"},\"potentialAction\":[{\"@type\":\"SearchAction\",\"target\":{\"@type\":\"EntryPoint\",\"urlTemplate\":\"https:\/\/fpmaam.org\/ministere2\/?s={search_term_string}\"},\"query-input\":{\"@type\":\"PropertyValueSpecification\",\"valueRequired\":true,\"valueName\":\"search_term_string\"}}],\"inLanguage\":\"fr-FR\"},{\"@type\":\"Organization\",\"@id\":\"https:\/\/fpmaam.org\/ministere2\/#organization\",\"name\":\"FPMA Aix Marseille - EGLISE PROTESTANTE MALGACHE EN FRANCE\",\"url\":\"https:\/\/fpmaam.org\/ministere2\/\",\"logo\":{\"@type\":\"ImageObject\",\"inLanguage\":\"fr-FR\",\"@id\":\"https:\/\/fpmaam.org\/ministere2\/#\/schema\/logo\/image\/\",\"url\":\"https:\/\/fpmaam.org\/ministere2\/wp-content\/uploads\/2025\/03\/cropped-fpmaam_logo.png\",\"contentUrl\":\"https:\/\/fpmaam.org\/ministere2\/wp-content\/uploads\/2025\/03\/cropped-fpmaam_logo.png\",\"width\":240,\"height\":240,\"caption\":\"FPMA Aix Marseille - EGLISE PROTESTANTE MALGACHE EN FRANCE\"},\"image\":{\"@id\":\"https:\/\/fpmaam.org\/ministere2\/#\/schema\/logo\/image\/\"}},{\"@type\":\"Person\",\"@id\":\"https:\/\/fpmaam.org\/ministere2\/#\/schema\/person\/2125ca29a0b07a456fd343518df44b67\",\"name\":\"admin\",\"image\":{\"@type\":\"ImageObject\",\"inLanguage\":\"fr-FR\",\"@id\":\"https:\/\/fpmaam.org\/ministere2\/#\/schema\/person\/image\/\",\"url\":\"https:\/\/secure.gravatar.com\/avatar\/2000cb25cca5da2aef14093492d47a94?s=96&d=mm&r=g\",\"contentUrl\":\"https:\/\/secure.gravatar.com\/avatar\/2000cb25cca5da2aef14093492d47a94?s=96&d=mm&r=g\",\"caption\":\"admin\"},\"url\":\"https:\/\/fpmaam.org\/ministere2\/author\/admin\/\"}]}<\/script>\n<!-- \/ Yoast SEO plugin. -->","yoast_head_json":{"title":"Concert de No\u00ebl 2015 - FPMA Aix Marseille - EGLISE PROTESTANTE MALGACHE EN FRANCE","robots":{"index":"index","follow":"follow","max-snippet":"max-snippet:-1","max-image-preview":"max-image-preview:large","max-video-preview":"max-video-preview:-1"},"canonical":"https:\/\/fpmaam.org\/ministere2\/2015\/12\/09\/concert-de-noel-2015\/","og_locale":"fr_FR","og_type":"article","og_title":"Concert de No\u00ebl 2015 - FPMA Aix Marseille - EGLISE PROTESTANTE MALGACHE EN FRANCE","og_url":"https:\/\/fpmaam.org\/ministere2\/2015\/12\/09\/concert-de-noel-2015\/","og_site_name":"FPMA Aix Marseille - EGLISE PROTESTANTE MALGACHE EN FRANCE","article_published_time":"2015-12-09T21:05:03+00:00","article_modified_time":"2015-12-09T21:12:54+00:00","author":"admin","twitter_card":"summary_large_image","twitter_misc":{"\u00c9crit par":"admin","Dur\u00e9e de lecture estim\u00e9e":"4 minutes"},"schema":{"@context":"https:\/\/schema.org","@graph":[{"@type":"Article","@id":"https:\/\/fpmaam.org\/ministere2\/2015\/12\/09\/concert-de-noel-2015\/#article","isPartOf":{"@id":"https:\/\/fpmaam.org\/ministere2\/2015\/12\/09\/concert-de-noel-2015\/"},"author":{"name":"admin","@id":"https:\/\/fpmaam.org\/ministere2\/#\/schema\/person\/2125ca29a0b07a456fd343518df44b67"},"headline":"Concert de No\u00ebl 2015","datePublished":"2015-12-09T21:05:03+00:00","dateModified":"2015-12-09T21:12:54+00:00","mainEntityOfPage":{"@id":"https:\/\/fpmaam.org\/ministere2\/2015\/12\/09\/concert-de-noel-2015\/"},"wordCount":879,"commentCount":0,"publisher":{"@id":"https:\/\/fpmaam.org\/ministere2\/#organization"},"inLanguage":"fr-FR","potentialAction":[{"@type":"CommentAction","name":"Comment","target":["https:\/\/fpmaam.org\/ministere2\/2015\/12\/09\/concert-de-noel-2015\/#respond"]}]},{"@type":"WebPage","@id":"https:\/\/fpmaam.org\/ministere2\/2015\/12\/09\/concert-de-noel-2015\/","url":"https:\/\/fpmaam.org\/ministere2\/2015\/12\/09\/concert-de-noel-2015\/","name":"Concert de No\u00ebl 2015 - FPMA Aix Marseille - EGLISE PROTESTANTE MALGACHE EN FRANCE","isPartOf":{"@id":"https:\/\/fpmaam.org\/ministere2\/#website"},"datePublished":"2015-12-09T21:05:03+00:00","dateModified":"2015-12-09T21:12:54+00:00","breadcrumb":{"@id":"https:\/\/fpmaam.org\/ministere2\/2015\/12\/09\/concert-de-noel-2015\/#breadcrumb"},"inLanguage":"fr-FR","potentialAction":[{"@type":"ReadAction","target":["https:\/\/fpmaam.org\/ministere2\/2015\/12\/09\/concert-de-noel-2015\/"]}]},{"@type":"BreadcrumbList","@id":"https:\/\/fpmaam.org\/ministere2\/2015\/12\/09\/concert-de-noel-2015\/#breadcrumb","itemListElement":[{"@type":"ListItem","position":1,"name":"Accueil","item":"https:\/\/fpmaam.org\/ministere2\/"},{"@type":"ListItem","position":2,"name":"Concert de No\u00ebl 2015"}]},{"@type":"WebSite","@id":"https:\/\/fpmaam.org\/ministere2\/#website","url":"https:\/\/fpmaam.org\/ministere2\/","name":"FPMA Aix Marseille - EGLISE PROTESTANTE MALGACHE EN FRANCE","description":"","publisher":{"@id":"https:\/\/fpmaam.org\/ministere2\/#organization"},"potentialAction":[{"@type":"SearchAction","target":{"@type":"EntryPoint","urlTemplate":"https:\/\/fpmaam.org\/ministere2\/?s={search_term_string}"},"query-input":{"@type":"PropertyValueSpecification","valueRequired":true,"valueName":"search_term_string"}}],"inLanguage":"fr-FR"},{"@type":"Organization","@id":"https:\/\/fpmaam.org\/ministere2\/#organization","name":"FPMA Aix Marseille - EGLISE PROTESTANTE MALGACHE EN FRANCE","url":"https:\/\/fpmaam.org\/ministere2\/","logo":{"@type":"ImageObject","inLanguage":"fr-FR","@id":"https:\/\/fpmaam.org\/ministere2\/#\/schema\/logo\/image\/","url":"https:\/\/fpmaam.org\/ministere2\/wp-content\/uploads\/2025\/03\/cropped-fpmaam_logo.png","contentUrl":"https:\/\/fpmaam.org\/ministere2\/wp-content\/uploads\/2025\/03\/cropped-fpmaam_logo.png","width":240,"height":240,"caption":"FPMA Aix Marseille - EGLISE PROTESTANTE MALGACHE EN FRANCE"},"image":{"@id":"https:\/\/fpmaam.org\/ministere2\/#\/schema\/logo\/image\/"}},{"@type":"Person","@id":"https:\/\/fpmaam.org\/ministere2\/#\/schema\/person\/2125ca29a0b07a456fd343518df44b67","name":"admin","image":{"@type":"ImageObject","inLanguage":"fr-FR","@id":"https:\/\/fpmaam.org\/ministere2\/#\/schema\/person\/image\/","url":"https:\/\/secure.gravatar.com\/avatar\/2000cb25cca5da2aef14093492d47a94?s=96&d=mm&r=g","contentUrl":"https:\/\/secure.gravatar.com\/avatar\/2000cb25cca5da2aef14093492d47a94?s=96&d=mm&r=g","caption":"admin"},"url":"https:\/\/fpmaam.org\/ministere2\/author\/admin\/"}]}},"_links":{"self":[{"href":"https:\/\/fpmaam.org\/ministere2\/wp-json\/wp\/v2\/posts\/14084","targetHints":{"allow":["GET"]}}],"collection":[{"href":"https:\/\/fpmaam.org\/ministere2\/wp-json\/wp\/v2\/posts"}],"about":[{"href":"https:\/\/fpmaam.org\/ministere2\/wp-json\/wp\/v2\/types\/post"}],"author":[{"embeddable":true,"href":"https:\/\/fpmaam.org\/ministere2\/wp-json\/wp\/v2\/users\/1"}],"replies":[{"embeddable":true,"href":"https:\/\/fpmaam.org\/ministere2\/wp-json\/wp\/v2\/comments?post=14084"}],"version-history":[{"count":7,"href":"https:\/\/fpmaam.org\/ministere2\/wp-json\/wp\/v2\/posts\/14084\/revisions"}],"predecessor-version":[{"id":14094,"href":"https:\/\/fpmaam.org\/ministere2\/wp-json\/wp\/v2\/posts\/14084\/revisions\/14094"}],"wp:attachment":[{"href":"https:\/\/fpmaam.org\/ministere2\/wp-json\/wp\/v2\/media?parent=14084"}],"wp:term":[{"taxonomy":"category","embeddable":true,"href":"https:\/\/fpmaam.org\/ministere2\/wp-json\/wp\/v2\/categories?post=14084"},{"taxonomy":"post_tag","embeddable":true,"href":"https:\/\/fpmaam.org\/ministere2\/wp-json\/wp\/v2\/tags?post=14084"}],"curies":[{"name":"wp","href":"https:\/\/api.w.org\/{rel}","templated":true}]}}