{"id":14222,"date":"2016-11-13T18:30:58","date_gmt":"2016-11-13T17:30:58","guid":{"rendered":"https:\/\/fpmaam.org\/ministere\/?p=14222"},"modified":"2016-11-13T18:40:32","modified_gmt":"2016-11-13T17:40:32","slug":"poeme-du-60eme-maj","status":"publish","type":"post","link":"https:\/\/fpmaam.org\/ministere2\/2016\/11\/13\/poeme-du-60eme-maj\/","title":{"rendered":"Po\u00e8me du 60eme [MAJ]"},"content":{"rendered":"<p style=\"text-align: center;\">\n<p style=\"text-align: center;\"><strong>R\u00e8glement <\/strong><\/p>\n<p><strong>Article 1 &#8211; Participants<\/strong><\/p>\n<p>Concours ouvert \u00e0 tous les paroissiens de la FPMA AM et aux Zanaka am-pielezana (ceux qui y habitent plus)<\/p>\n<p><strong>Article 2 &#8211; Annonce du concours<\/strong><\/p>\n<p>D\u00e8s le 02 octobre et consultable sur le site de l\u2019\u00e9glise (<em>www fpmaam.org<\/em>) sur compte facebook (<a href=\"http:\/\/wwwfacebook.com\/fpmaam\/\"><em>http:\/\/wwwfacebook.com\/fpmaam<\/em>\/<\/a>) et par <em>courriel<\/em><\/p>\n<p><strong>Article 3 \u2013 Modalit\u00e9s du concours<\/strong><\/p>\n<p>3.1 -Le po\u00e8me doit \u00eatre \u00e9crit ou en malgache ou en fran\u00e7ais et les textes doivent refl\u00e9ter le Teny Faneva.<\/p>\n<ol start=\"3\">\n<li>2-Le po\u00e8me ne doit pas \u00eatre une copie partielle ou totale d\u2019une \u0153uvre existante<\/li>\n<li>3-.Imprim\u00e9 sur 2 pages A4 maximum ne d\u00e9passant pas 600 mots dactylographi\u00e9 avec le caract\u00e8re Arial 12 point.<\/li>\n<\/ol>\n<p>3.4 -Les po\u00e8mes propos\u00e9s deviendront la propri\u00e9t\u00e9 de la FPMAAM qui pourra s\u2019en servir.<\/p>\n<p>3.5-. Le participant compl\u00e8te le bulletin de participation ( \u00e0 recopier \u00e9ventuellement sur une feuille libre A4 selon le mod\u00e8le standard)<\/p>\n<p><strong>Article 4 &#8211; Modalit\u00e9s de participation<\/strong><\/p>\n<p>4.1 \u2013 Le po\u00e8me dactylographi\u00e9 en police Arial 12 point et enregistr\u00e9 dans un CD ou dans un flash disque\u00a0: cl\u00e9 USB ) \u00e0 mettre dans une 1 \u00e8re enveloppe ferm\u00e9e et portant seulement la mention TONON KALO 60\u00e8<\/p>\n<p>4 .2 \u2013 Une 2<sup>e<\/sup> enveloppe portant la mention MPANDRAY ANJARA contiendra le bulletin de participation.<\/p>\n<p>4.3 \u2013 Une 3 \u00e8 enveloppe plus grande renfermant les deux autres est \u00e0 envoyer ou au Pasteur ou au Pr\u00e9sident\u00a0\u00a0 selon les coordonn\u00e9es cit\u00e9es pr\u00e9c\u00e9demment sans adresse d\u2019exp\u00e9diteur<\/p>\n<p>4.4 Date de cl\u00f4ture\u00a0: 12\/12\/16 le tampon de la poste faisant foi<\/p>\n<p><strong>Article 5 \u00a0<\/strong>Attribution d\u2019un prix au gagnant<\/p>\n<p><strong>Article 6 &#8211;<\/strong> <strong>Date du choix<\/strong> &#8211; le dimanche 01\/01\/17 apr\u00e8s le culte<\/p>\n<p><strong>Article 7<\/strong> <strong>\u2013 Jury<\/strong>\u00a0: Le Comit\u00e9 paroissial<\/p>\n<p><strong>Article 8<\/strong> \u2013Le Comit\u00e9 paroissial tranchera souverainement toute question relative \u00e0 l\u2019application du pr\u00e9sent r\u00e8glement ou toute question qui viendrait se poser non r\u00e9gl\u00e9e par celui-ci. Ses d\u00e9cisions seraient sans appel<\/p>\n<p>&nbsp;<\/p>\n<p>t\u00e9l\u00e9charger\u00a0<a href=\"https:\/\/fpmaam.org\/ministere\/wp-content\/uploads\/2016\/11\/Bulletin-de-participation-po\u00e8me.pdf\">bulletin-de-participation-poeme<\/a><\/p>\n","protected":false},"excerpt":{"rendered":"<p>R\u00e8glement Article 1 &#8211; Participants Concours ouvert \u00e0 tous les paroissiens de la FPMA AM et aux Zanaka am-pielezana (ceux qui y habitent plus) Article 2 &#8211; Annonce du concours D\u00e8s le 02 octobre et consultable sur le site de l\u2019\u00e9glise (www fpmaam.org) sur compte facebook (http:\/\/wwwfacebook.com\/fpmaam\/) et par courriel Article 3 \u2013 Modalit\u00e9s du &hellip; <a href=\"https:\/\/fpmaam.org\/ministere2\/2016\/11\/13\/poeme-du-60eme-maj\/\" class=\"more-link\">Continuer la lecture<span class=\"screen-reader-text\"> de &laquo;&nbsp;Po\u00e8me du 60eme [MAJ]&nbsp;&raquo;<\/span><\/a><\/p>\n","protected":false},"author":1,"featured_media":0,"comment_status":"open","ping_status":"open","sticky":false,"template":"","format":"standard","meta":{"footnotes":""},"categories":[],"tags":[],"class_list":["post-14222","post","type-post","status-publish","format-standard","hentry"],"yoast_head":"<!-- This site is optimized with the Yoast SEO plugin v26.8 - https:\/\/yoast.com\/product\/yoast-seo-wordpress\/ -->\n<title>Po\u00e8me du 60eme [MAJ] - FPMA Aix Marseille - EGLISE PROTESTANTE MALGACHE EN FRANCE<\/title>\n<meta name=\"robots\" content=\"index, follow, max-snippet:-1, max-image-preview:large, max-video-preview:-1\" \/>\n<link rel=\"canonical\" href=\"https:\/\/fpmaam.org\/ministere2\/2016\/11\/13\/poeme-du-60eme-maj\/\" \/>\n<meta property=\"og:locale\" content=\"fr_FR\" \/>\n<meta property=\"og:type\" content=\"article\" \/>\n<meta property=\"og:title\" content=\"Po\u00e8me du 60eme [MAJ] - FPMA Aix Marseille - EGLISE PROTESTANTE MALGACHE EN FRANCE\" \/>\n<meta property=\"og:description\" content=\"R\u00e8glement Article 1 &#8211; Participants Concours ouvert \u00e0 tous les paroissiens de la FPMA AM et aux Zanaka am-pielezana (ceux qui y habitent plus) Article 2 &#8211; Annonce du concours D\u00e8s le 02 octobre et consultable sur le site de l\u2019\u00e9glise (www fpmaam.org) sur compte facebook (http:\/\/wwwfacebook.com\/fpmaam\/) et par courriel Article 3 \u2013 Modalit\u00e9s du &hellip; Continuer la lecture de &laquo;&nbsp;Po\u00e8me du 60eme [MAJ]&nbsp;&raquo;\" \/>\n<meta property=\"og:url\" content=\"https:\/\/fpmaam.org\/ministere2\/2016\/11\/13\/poeme-du-60eme-maj\/\" \/>\n<meta property=\"og:site_name\" content=\"FPMA Aix Marseille - EGLISE PROTESTANTE MALGACHE EN FRANCE\" \/>\n<meta property=\"article:published_time\" content=\"2016-11-13T17:30:58+00:00\" \/>\n<meta property=\"article:modified_time\" content=\"2016-11-13T17:40:32+00:00\" \/>\n<meta name=\"author\" content=\"admin\" \/>\n<meta name=\"twitter:card\" content=\"summary_large_image\" \/>\n<meta name=\"twitter:label1\" content=\"\u00c9crit par\" \/>\n\t<meta name=\"twitter:data1\" content=\"admin\" \/>\n\t<meta name=\"twitter:label2\" content=\"Dur\u00e9e de lecture estim\u00e9e\" \/>\n\t<meta name=\"twitter:data2\" content=\"2 minutes\" \/>\n<script type=\"application\/ld+json\" class=\"yoast-schema-graph\">{\"@context\":\"https:\/\/schema.org\",\"@graph\":[{\"@type\":\"Article\",\"@id\":\"https:\/\/fpmaam.org\/ministere2\/2016\/11\/13\/poeme-du-60eme-maj\/#article\",\"isPartOf\":{\"@id\":\"https:\/\/fpmaam.org\/ministere2\/2016\/11\/13\/poeme-du-60eme-maj\/\"},\"author\":{\"name\":\"admin\",\"@id\":\"https:\/\/fpmaam.org\/ministere2\/#\/schema\/person\/2125ca29a0b07a456fd343518df44b67\"},\"headline\":\"Po\u00e8me du 60eme [MAJ]\",\"datePublished\":\"2016-11-13T17:30:58+00:00\",\"dateModified\":\"2016-11-13T17:40:32+00:00\",\"mainEntityOfPage\":{\"@id\":\"https:\/\/fpmaam.org\/ministere2\/2016\/11\/13\/poeme-du-60eme-maj\/\"},\"wordCount\":316,\"commentCount\":0,\"publisher\":{\"@id\":\"https:\/\/fpmaam.org\/ministere2\/#organization\"},\"inLanguage\":\"fr-FR\",\"potentialAction\":[{\"@type\":\"CommentAction\",\"name\":\"Comment\",\"target\":[\"https:\/\/fpmaam.org\/ministere2\/2016\/11\/13\/poeme-du-60eme-maj\/#respond\"]}]},{\"@type\":\"WebPage\",\"@id\":\"https:\/\/fpmaam.org\/ministere2\/2016\/11\/13\/poeme-du-60eme-maj\/\",\"url\":\"https:\/\/fpmaam.org\/ministere2\/2016\/11\/13\/poeme-du-60eme-maj\/\",\"name\":\"Po\u00e8me du 60eme [MAJ] - FPMA Aix Marseille - EGLISE PROTESTANTE MALGACHE EN FRANCE\",\"isPartOf\":{\"@id\":\"https:\/\/fpmaam.org\/ministere2\/#website\"},\"datePublished\":\"2016-11-13T17:30:58+00:00\",\"dateModified\":\"2016-11-13T17:40:32+00:00\",\"breadcrumb\":{\"@id\":\"https:\/\/fpmaam.org\/ministere2\/2016\/11\/13\/poeme-du-60eme-maj\/#breadcrumb\"},\"inLanguage\":\"fr-FR\",\"potentialAction\":[{\"@type\":\"ReadAction\",\"target\":[\"https:\/\/fpmaam.org\/ministere2\/2016\/11\/13\/poeme-du-60eme-maj\/\"]}]},{\"@type\":\"BreadcrumbList\",\"@id\":\"https:\/\/fpmaam.org\/ministere2\/2016\/11\/13\/poeme-du-60eme-maj\/#breadcrumb\",\"itemListElement\":[{\"@type\":\"ListItem\",\"position\":1,\"name\":\"Accueil\",\"item\":\"https:\/\/fpmaam.org\/ministere2\/\"},{\"@type\":\"ListItem\",\"position\":2,\"name\":\"Po\u00e8me du 60eme [MAJ]\"}]},{\"@type\":\"WebSite\",\"@id\":\"https:\/\/fpmaam.org\/ministere2\/#website\",\"url\":\"https:\/\/fpmaam.org\/ministere2\/\",\"name\":\"FPMA Aix Marseille - EGLISE PROTESTANTE MALGACHE EN FRANCE\",\"description\":\"\",\"publisher\":{\"@id\":\"https:\/\/fpmaam.org\/ministere2\/#organization\"},\"potentialAction\":[{\"@type\":\"SearchAction\",\"target\":{\"@type\":\"EntryPoint\",\"urlTemplate\":\"https:\/\/fpmaam.org\/ministere2\/?s={search_term_string}\"},\"query-input\":{\"@type\":\"PropertyValueSpecification\",\"valueRequired\":true,\"valueName\":\"search_term_string\"}}],\"inLanguage\":\"fr-FR\"},{\"@type\":\"Organization\",\"@id\":\"https:\/\/fpmaam.org\/ministere2\/#organization\",\"name\":\"FPMA Aix Marseille - EGLISE PROTESTANTE MALGACHE EN FRANCE\",\"url\":\"https:\/\/fpmaam.org\/ministere2\/\",\"logo\":{\"@type\":\"ImageObject\",\"inLanguage\":\"fr-FR\",\"@id\":\"https:\/\/fpmaam.org\/ministere2\/#\/schema\/logo\/image\/\",\"url\":\"https:\/\/fpmaam.org\/ministere2\/wp-content\/uploads\/2025\/03\/cropped-fpmaam_logo.png\",\"contentUrl\":\"https:\/\/fpmaam.org\/ministere2\/wp-content\/uploads\/2025\/03\/cropped-fpmaam_logo.png\",\"width\":240,\"height\":240,\"caption\":\"FPMA Aix Marseille - EGLISE PROTESTANTE MALGACHE EN FRANCE\"},\"image\":{\"@id\":\"https:\/\/fpmaam.org\/ministere2\/#\/schema\/logo\/image\/\"}},{\"@type\":\"Person\",\"@id\":\"https:\/\/fpmaam.org\/ministere2\/#\/schema\/person\/2125ca29a0b07a456fd343518df44b67\",\"name\":\"admin\",\"image\":{\"@type\":\"ImageObject\",\"inLanguage\":\"fr-FR\",\"@id\":\"https:\/\/fpmaam.org\/ministere2\/#\/schema\/person\/image\/\",\"url\":\"https:\/\/secure.gravatar.com\/avatar\/2000cb25cca5da2aef14093492d47a94?s=96&d=mm&r=g\",\"contentUrl\":\"https:\/\/secure.gravatar.com\/avatar\/2000cb25cca5da2aef14093492d47a94?s=96&d=mm&r=g\",\"caption\":\"admin\"},\"url\":\"https:\/\/fpmaam.org\/ministere2\/author\/admin\/\"}]}<\/script>\n<!-- \/ Yoast SEO plugin. -->","yoast_head_json":{"title":"Po\u00e8me du 60eme [MAJ] - FPMA Aix Marseille - EGLISE PROTESTANTE MALGACHE EN FRANCE","robots":{"index":"index","follow":"follow","max-snippet":"max-snippet:-1","max-image-preview":"max-image-preview:large","max-video-preview":"max-video-preview:-1"},"canonical":"https:\/\/fpmaam.org\/ministere2\/2016\/11\/13\/poeme-du-60eme-maj\/","og_locale":"fr_FR","og_type":"article","og_title":"Po\u00e8me du 60eme [MAJ] - FPMA Aix Marseille - EGLISE PROTESTANTE MALGACHE EN FRANCE","og_description":"R\u00e8glement Article 1 &#8211; Participants Concours ouvert \u00e0 tous les paroissiens de la FPMA AM et aux Zanaka am-pielezana (ceux qui y habitent plus) Article 2 &#8211; Annonce du concours D\u00e8s le 02 octobre et consultable sur le site de l\u2019\u00e9glise (www fpmaam.org) sur compte facebook (http:\/\/wwwfacebook.com\/fpmaam\/) et par courriel Article 3 \u2013 Modalit\u00e9s du &hellip; Continuer la lecture de &laquo;&nbsp;Po\u00e8me du 60eme [MAJ]&nbsp;&raquo;","og_url":"https:\/\/fpmaam.org\/ministere2\/2016\/11\/13\/poeme-du-60eme-maj\/","og_site_name":"FPMA Aix Marseille - EGLISE PROTESTANTE MALGACHE EN FRANCE","article_published_time":"2016-11-13T17:30:58+00:00","article_modified_time":"2016-11-13T17:40:32+00:00","author":"admin","twitter_card":"summary_large_image","twitter_misc":{"\u00c9crit par":"admin","Dur\u00e9e de lecture estim\u00e9e":"2 minutes"},"schema":{"@context":"https:\/\/schema.org","@graph":[{"@type":"Article","@id":"https:\/\/fpmaam.org\/ministere2\/2016\/11\/13\/poeme-du-60eme-maj\/#article","isPartOf":{"@id":"https:\/\/fpmaam.org\/ministere2\/2016\/11\/13\/poeme-du-60eme-maj\/"},"author":{"name":"admin","@id":"https:\/\/fpmaam.org\/ministere2\/#\/schema\/person\/2125ca29a0b07a456fd343518df44b67"},"headline":"Po\u00e8me du 60eme [MAJ]","datePublished":"2016-11-13T17:30:58+00:00","dateModified":"2016-11-13T17:40:32+00:00","mainEntityOfPage":{"@id":"https:\/\/fpmaam.org\/ministere2\/2016\/11\/13\/poeme-du-60eme-maj\/"},"wordCount":316,"commentCount":0,"publisher":{"@id":"https:\/\/fpmaam.org\/ministere2\/#organization"},"inLanguage":"fr-FR","potentialAction":[{"@type":"CommentAction","name":"Comment","target":["https:\/\/fpmaam.org\/ministere2\/2016\/11\/13\/poeme-du-60eme-maj\/#respond"]}]},{"@type":"WebPage","@id":"https:\/\/fpmaam.org\/ministere2\/2016\/11\/13\/poeme-du-60eme-maj\/","url":"https:\/\/fpmaam.org\/ministere2\/2016\/11\/13\/poeme-du-60eme-maj\/","name":"Po\u00e8me du 60eme [MAJ] - FPMA Aix Marseille - EGLISE PROTESTANTE MALGACHE EN FRANCE","isPartOf":{"@id":"https:\/\/fpmaam.org\/ministere2\/#website"},"datePublished":"2016-11-13T17:30:58+00:00","dateModified":"2016-11-13T17:40:32+00:00","breadcrumb":{"@id":"https:\/\/fpmaam.org\/ministere2\/2016\/11\/13\/poeme-du-60eme-maj\/#breadcrumb"},"inLanguage":"fr-FR","potentialAction":[{"@type":"ReadAction","target":["https:\/\/fpmaam.org\/ministere2\/2016\/11\/13\/poeme-du-60eme-maj\/"]}]},{"@type":"BreadcrumbList","@id":"https:\/\/fpmaam.org\/ministere2\/2016\/11\/13\/poeme-du-60eme-maj\/#breadcrumb","itemListElement":[{"@type":"ListItem","position":1,"name":"Accueil","item":"https:\/\/fpmaam.org\/ministere2\/"},{"@type":"ListItem","position":2,"name":"Po\u00e8me du 60eme [MAJ]"}]},{"@type":"WebSite","@id":"https:\/\/fpmaam.org\/ministere2\/#website","url":"https:\/\/fpmaam.org\/ministere2\/","name":"FPMA Aix Marseille - EGLISE PROTESTANTE MALGACHE EN FRANCE","description":"","publisher":{"@id":"https:\/\/fpmaam.org\/ministere2\/#organization"},"potentialAction":[{"@type":"SearchAction","target":{"@type":"EntryPoint","urlTemplate":"https:\/\/fpmaam.org\/ministere2\/?s={search_term_string}"},"query-input":{"@type":"PropertyValueSpecification","valueRequired":true,"valueName":"search_term_string"}}],"inLanguage":"fr-FR"},{"@type":"Organization","@id":"https:\/\/fpmaam.org\/ministere2\/#organization","name":"FPMA Aix Marseille - EGLISE PROTESTANTE MALGACHE EN FRANCE","url":"https:\/\/fpmaam.org\/ministere2\/","logo":{"@type":"ImageObject","inLanguage":"fr-FR","@id":"https:\/\/fpmaam.org\/ministere2\/#\/schema\/logo\/image\/","url":"https:\/\/fpmaam.org\/ministere2\/wp-content\/uploads\/2025\/03\/cropped-fpmaam_logo.png","contentUrl":"https:\/\/fpmaam.org\/ministere2\/wp-content\/uploads\/2025\/03\/cropped-fpmaam_logo.png","width":240,"height":240,"caption":"FPMA Aix Marseille - EGLISE PROTESTANTE MALGACHE EN FRANCE"},"image":{"@id":"https:\/\/fpmaam.org\/ministere2\/#\/schema\/logo\/image\/"}},{"@type":"Person","@id":"https:\/\/fpmaam.org\/ministere2\/#\/schema\/person\/2125ca29a0b07a456fd343518df44b67","name":"admin","image":{"@type":"ImageObject","inLanguage":"fr-FR","@id":"https:\/\/fpmaam.org\/ministere2\/#\/schema\/person\/image\/","url":"https:\/\/secure.gravatar.com\/avatar\/2000cb25cca5da2aef14093492d47a94?s=96&d=mm&r=g","contentUrl":"https:\/\/secure.gravatar.com\/avatar\/2000cb25cca5da2aef14093492d47a94?s=96&d=mm&r=g","caption":"admin"},"url":"https:\/\/fpmaam.org\/ministere2\/author\/admin\/"}]}},"_links":{"self":[{"href":"https:\/\/fpmaam.org\/ministere2\/wp-json\/wp\/v2\/posts\/14222","targetHints":{"allow":["GET"]}}],"collection":[{"href":"https:\/\/fpmaam.org\/ministere2\/wp-json\/wp\/v2\/posts"}],"about":[{"href":"https:\/\/fpmaam.org\/ministere2\/wp-json\/wp\/v2\/types\/post"}],"author":[{"embeddable":true,"href":"https:\/\/fpmaam.org\/ministere2\/wp-json\/wp\/v2\/users\/1"}],"replies":[{"embeddable":true,"href":"https:\/\/fpmaam.org\/ministere2\/wp-json\/wp\/v2\/comments?post=14222"}],"version-history":[{"count":3,"href":"https:\/\/fpmaam.org\/ministere2\/wp-json\/wp\/v2\/posts\/14222\/revisions"}],"predecessor-version":[{"id":14234,"href":"https:\/\/fpmaam.org\/ministere2\/wp-json\/wp\/v2\/posts\/14222\/revisions\/14234"}],"wp:attachment":[{"href":"https:\/\/fpmaam.org\/ministere2\/wp-json\/wp\/v2\/media?parent=14222"}],"wp:term":[{"taxonomy":"category","embeddable":true,"href":"https:\/\/fpmaam.org\/ministere2\/wp-json\/wp\/v2\/categories?post=14222"},{"taxonomy":"post_tag","embeddable":true,"href":"https:\/\/fpmaam.org\/ministere2\/wp-json\/wp\/v2\/tags?post=14222"}],"curies":[{"name":"wp","href":"https:\/\/api.w.org\/{rel}","templated":true}]}}