{"id":14224,"date":"2016-11-13T18:32:21","date_gmt":"2016-11-13T17:32:21","guid":{"rendered":"https:\/\/fpmaam.org\/ministere\/?p=14224"},"modified":"2016-11-13T18:39:03","modified_gmt":"2016-11-13T17:39:03","slug":"concours-de-lhymne-du-60e","status":"publish","type":"post","link":"https:\/\/fpmaam.org\/ministere2\/2016\/11\/13\/concours-de-lhymne-du-60e\/","title":{"rendered":"Concours de l&rsquo;hymne du 60\u00e8me [MAJ]"},"content":{"rendered":"<p>&nbsp;<\/p>\n<p>La c\u00e9l\u00e9bration du 60\u00e8 Anniversaire se d\u00e9roulera pendant un an mais elle laissera pour la g\u00e9n\u00e9ration future un chant-souvenir,qui comme le logo,devrait s\u2019inscrire dans l\u2019esprit porter par le Teny Faneva.<\/p>\n<p><strong>Article 1 \u2013<\/strong>Participants<\/p>\n<p>Le concours est ouvert \u00e0 tous les paroissiens de FPMAAM et aux Zanaka am \u2013pielezana (ceux qui y habitent plus\u00a0;<\/p>\n<p><strong>Article 2<\/strong> \u2013Les modalit\u00e9s seraient annonc\u00e9es le 02\u00a0\/10\/ 16 et consultables sur le site (<em>fpmaam.org<\/em> )et sur le compte facebook( <em>facebook.com\/fpmaam\/ <\/em>) et par <em>courriel.<\/em><\/p>\n<p><strong>Article 3 \u2013<\/strong>Modalit\u00e9s du concours<\/p>\n<p>3-1 Ecrit en malgache et les paroles doivent contenir le Teny Faneva<\/p>\n<p>3-2 &#8211; Pas de plagiat ni des paroles ni de la musique<\/p>\n<p>3- 3 \u2013 Les \u0153uvres propos\u00e9es deviendront propri\u00e9t\u00e9 de la FPMAAM qui pourrait l\u2019utiliser \u00e0 sa guise<\/p>\n<p>3-4 &#8211; Le rythme est libre<\/p>\n<p>3-5 \u2013 Compos\u00e9 pour quatre voix(4)<\/p>\n<p>3-6 \u2013 Quatre (4) couplets maximum avec ou sans refrain<\/p>\n<p>3-7\u00a0&#8211; 40 phrases au maximum refrain compris\u00a0\u00a0 D\u2019une dur\u00e9e n\u2019exc\u00e9dant pas 5 minutes.<\/p>\n<p>3-8 \u2013Le participant doit remplir le bulle tin de participation<\/p>\n<p><strong>Article 4 \u2013<\/strong> Modalit\u00e9s de participation<\/p>\n<p>4-1 L\u2019hymne doit \u00eatre <strong>transcrit<\/strong> en solfa et\/ou solf\u00e8ge sur papier A4 puis <strong>la version chant\u00e9e<\/strong> en fichier MP3 . Le tout \u00e0 ins\u00e9rer dans une premi\u00e8re enveloppe neutre portant seulement la mention HIRA FANEVA<\/p>\n<p>4-2 \u2013Une deuxi\u00e8me enveloppe renfermant le bulletin de participation rempli portant la mention\u00a0\u00a0 MPANDRAY ANJARA\u00a0\u00a0 sur l\u2019enveloppe<\/p>\n<p>4-3 \u2013 Une 3\u00e8 enveloppe grande pour ranger les 2 premi\u00e8res <strong>ET <\/strong>\u00e0 adresser ou au Pasteur ou au Pr\u00e9sident sans le nom de l\u2019exp\u00e9diteur ( voir coordonn\u00e9es plus haut)<\/p>\n<p>4-4\u00a0&#8211; Date limite d\u2019envoi\u00a0: le 27\/11\/16\u00a0:le cachet de la poste faisant foi<\/p>\n<p><strong>Article 5 &#8211;<\/strong> Attribution d\u2019un prix pour le gagnant<\/p>\n<p><strong>Article 6<\/strong> &#8211; Choix : le dimanche 11\/12\/16 apr\u00e8s le culte \u00e0 Grignan<\/p>\n<p><strong>Article 7<\/strong> \u2013 Jury\u00a0: les membres communiants (\u00e9coute des versions chant\u00e9es)<\/p>\n<p><strong>Article 8<\/strong> &#8211; Le Conseil paroissial est souverain pour trancher sur toute question relative \u00e0 l\u2019application du pr\u00e9sent r\u00e8glement ou qui viendrait se poser non r\u00e9gl\u00e9e par celui-ci .Ses d\u00e9cisions seront sans appel.<\/p>\n<p>T\u00e9l\u00e9charger le\u00a0<a href=\"https:\/\/fpmaam.org\/ministere\/wp-content\/uploads\/2016\/11\/Bulletin-de-participation-hymne.pdf\">bulletin-de-participation-hymne<\/a><\/p>\n<p>&nbsp;<\/p>\n","protected":false},"excerpt":{"rendered":"<p>&nbsp; La c\u00e9l\u00e9bration du 60\u00e8 Anniversaire se d\u00e9roulera pendant un an mais elle laissera pour la g\u00e9n\u00e9ration future un chant-souvenir,qui comme le logo,devrait s\u2019inscrire dans l\u2019esprit porter par le Teny Faneva. Article 1 \u2013Participants Le concours est ouvert \u00e0 tous les paroissiens de FPMAAM et aux Zanaka am \u2013pielezana (ceux qui y habitent plus\u00a0; Article &hellip; <a href=\"https:\/\/fpmaam.org\/ministere2\/2016\/11\/13\/concours-de-lhymne-du-60e\/\" class=\"more-link\">Continuer la lecture<span class=\"screen-reader-text\"> de &laquo;&nbsp;Concours de l&rsquo;hymne du 60\u00e8me [MAJ]&nbsp;&raquo;<\/span><\/a><\/p>\n","protected":false},"author":1,"featured_media":0,"comment_status":"open","ping_status":"open","sticky":false,"template":"","format":"standard","meta":{"footnotes":""},"categories":[],"tags":[],"class_list":["post-14224","post","type-post","status-publish","format-standard","hentry"],"yoast_head":"<!-- This site is optimized with the Yoast SEO plugin v26.8 - https:\/\/yoast.com\/product\/yoast-seo-wordpress\/ -->\n<title>Concours de l&#039;hymne du 60\u00e8me [MAJ] - FPMA Aix Marseille - EGLISE PROTESTANTE MALGACHE EN FRANCE<\/title>\n<meta name=\"robots\" content=\"index, follow, max-snippet:-1, max-image-preview:large, max-video-preview:-1\" \/>\n<link rel=\"canonical\" href=\"https:\/\/fpmaam.org\/ministere2\/2016\/11\/13\/concours-de-lhymne-du-60e\/\" \/>\n<meta property=\"og:locale\" content=\"fr_FR\" \/>\n<meta property=\"og:type\" content=\"article\" \/>\n<meta property=\"og:title\" content=\"Concours de l&#039;hymne du 60\u00e8me [MAJ] - FPMA Aix Marseille - EGLISE PROTESTANTE MALGACHE EN FRANCE\" \/>\n<meta property=\"og:description\" content=\"&nbsp; La c\u00e9l\u00e9bration du 60\u00e8 Anniversaire se d\u00e9roulera pendant un an mais elle laissera pour la g\u00e9n\u00e9ration future un chant-souvenir,qui comme le logo,devrait s\u2019inscrire dans l\u2019esprit porter par le Teny Faneva. Article 1 \u2013Participants Le concours est ouvert \u00e0 tous les paroissiens de FPMAAM et aux Zanaka am \u2013pielezana (ceux qui y habitent plus\u00a0; Article &hellip; Continuer la lecture de &laquo;&nbsp;Concours de l&rsquo;hymne du 60\u00e8me [MAJ]&nbsp;&raquo;\" \/>\n<meta property=\"og:url\" content=\"https:\/\/fpmaam.org\/ministere2\/2016\/11\/13\/concours-de-lhymne-du-60e\/\" \/>\n<meta property=\"og:site_name\" content=\"FPMA Aix Marseille - EGLISE PROTESTANTE MALGACHE EN FRANCE\" \/>\n<meta property=\"article:published_time\" content=\"2016-11-13T17:32:21+00:00\" \/>\n<meta property=\"article:modified_time\" content=\"2016-11-13T17:39:03+00:00\" \/>\n<meta name=\"author\" content=\"admin\" \/>\n<meta name=\"twitter:card\" content=\"summary_large_image\" \/>\n<meta name=\"twitter:label1\" content=\"\u00c9crit par\" \/>\n\t<meta name=\"twitter:data1\" content=\"admin\" \/>\n\t<meta name=\"twitter:label2\" content=\"Dur\u00e9e de lecture estim\u00e9e\" \/>\n\t<meta name=\"twitter:data2\" content=\"2 minutes\" \/>\n<script type=\"application\/ld+json\" class=\"yoast-schema-graph\">{\"@context\":\"https:\/\/schema.org\",\"@graph\":[{\"@type\":\"Article\",\"@id\":\"https:\/\/fpmaam.org\/ministere2\/2016\/11\/13\/concours-de-lhymne-du-60e\/#article\",\"isPartOf\":{\"@id\":\"https:\/\/fpmaam.org\/ministere2\/2016\/11\/13\/concours-de-lhymne-du-60e\/\"},\"author\":{\"name\":\"admin\",\"@id\":\"https:\/\/fpmaam.org\/ministere2\/#\/schema\/person\/2125ca29a0b07a456fd343518df44b67\"},\"headline\":\"Concours de l&rsquo;hymne du 60\u00e8me [MAJ]\",\"datePublished\":\"2016-11-13T17:32:21+00:00\",\"dateModified\":\"2016-11-13T17:39:03+00:00\",\"mainEntityOfPage\":{\"@id\":\"https:\/\/fpmaam.org\/ministere2\/2016\/11\/13\/concours-de-lhymne-du-60e\/\"},\"wordCount\":362,\"commentCount\":0,\"publisher\":{\"@id\":\"https:\/\/fpmaam.org\/ministere2\/#organization\"},\"inLanguage\":\"fr-FR\",\"potentialAction\":[{\"@type\":\"CommentAction\",\"name\":\"Comment\",\"target\":[\"https:\/\/fpmaam.org\/ministere2\/2016\/11\/13\/concours-de-lhymne-du-60e\/#respond\"]}]},{\"@type\":\"WebPage\",\"@id\":\"https:\/\/fpmaam.org\/ministere2\/2016\/11\/13\/concours-de-lhymne-du-60e\/\",\"url\":\"https:\/\/fpmaam.org\/ministere2\/2016\/11\/13\/concours-de-lhymne-du-60e\/\",\"name\":\"Concours de l'hymne du 60\u00e8me [MAJ] - FPMA Aix Marseille - EGLISE PROTESTANTE MALGACHE EN FRANCE\",\"isPartOf\":{\"@id\":\"https:\/\/fpmaam.org\/ministere2\/#website\"},\"datePublished\":\"2016-11-13T17:32:21+00:00\",\"dateModified\":\"2016-11-13T17:39:03+00:00\",\"breadcrumb\":{\"@id\":\"https:\/\/fpmaam.org\/ministere2\/2016\/11\/13\/concours-de-lhymne-du-60e\/#breadcrumb\"},\"inLanguage\":\"fr-FR\",\"potentialAction\":[{\"@type\":\"ReadAction\",\"target\":[\"https:\/\/fpmaam.org\/ministere2\/2016\/11\/13\/concours-de-lhymne-du-60e\/\"]}]},{\"@type\":\"BreadcrumbList\",\"@id\":\"https:\/\/fpmaam.org\/ministere2\/2016\/11\/13\/concours-de-lhymne-du-60e\/#breadcrumb\",\"itemListElement\":[{\"@type\":\"ListItem\",\"position\":1,\"name\":\"Accueil\",\"item\":\"https:\/\/fpmaam.org\/ministere2\/\"},{\"@type\":\"ListItem\",\"position\":2,\"name\":\"Concours de l&rsquo;hymne du 60\u00e8me [MAJ]\"}]},{\"@type\":\"WebSite\",\"@id\":\"https:\/\/fpmaam.org\/ministere2\/#website\",\"url\":\"https:\/\/fpmaam.org\/ministere2\/\",\"name\":\"FPMA Aix Marseille - EGLISE PROTESTANTE MALGACHE EN FRANCE\",\"description\":\"\",\"publisher\":{\"@id\":\"https:\/\/fpmaam.org\/ministere2\/#organization\"},\"potentialAction\":[{\"@type\":\"SearchAction\",\"target\":{\"@type\":\"EntryPoint\",\"urlTemplate\":\"https:\/\/fpmaam.org\/ministere2\/?s={search_term_string}\"},\"query-input\":{\"@type\":\"PropertyValueSpecification\",\"valueRequired\":true,\"valueName\":\"search_term_string\"}}],\"inLanguage\":\"fr-FR\"},{\"@type\":\"Organization\",\"@id\":\"https:\/\/fpmaam.org\/ministere2\/#organization\",\"name\":\"FPMA Aix Marseille - EGLISE PROTESTANTE MALGACHE EN FRANCE\",\"url\":\"https:\/\/fpmaam.org\/ministere2\/\",\"logo\":{\"@type\":\"ImageObject\",\"inLanguage\":\"fr-FR\",\"@id\":\"https:\/\/fpmaam.org\/ministere2\/#\/schema\/logo\/image\/\",\"url\":\"https:\/\/fpmaam.org\/ministere2\/wp-content\/uploads\/2025\/03\/cropped-fpmaam_logo.png\",\"contentUrl\":\"https:\/\/fpmaam.org\/ministere2\/wp-content\/uploads\/2025\/03\/cropped-fpmaam_logo.png\",\"width\":240,\"height\":240,\"caption\":\"FPMA Aix Marseille - EGLISE PROTESTANTE MALGACHE EN FRANCE\"},\"image\":{\"@id\":\"https:\/\/fpmaam.org\/ministere2\/#\/schema\/logo\/image\/\"}},{\"@type\":\"Person\",\"@id\":\"https:\/\/fpmaam.org\/ministere2\/#\/schema\/person\/2125ca29a0b07a456fd343518df44b67\",\"name\":\"admin\",\"image\":{\"@type\":\"ImageObject\",\"inLanguage\":\"fr-FR\",\"@id\":\"https:\/\/fpmaam.org\/ministere2\/#\/schema\/person\/image\/\",\"url\":\"https:\/\/secure.gravatar.com\/avatar\/2000cb25cca5da2aef14093492d47a94?s=96&d=mm&r=g\",\"contentUrl\":\"https:\/\/secure.gravatar.com\/avatar\/2000cb25cca5da2aef14093492d47a94?s=96&d=mm&r=g\",\"caption\":\"admin\"},\"url\":\"https:\/\/fpmaam.org\/ministere2\/author\/admin\/\"}]}<\/script>\n<!-- \/ Yoast SEO plugin. -->","yoast_head_json":{"title":"Concours de l'hymne du 60\u00e8me [MAJ] - FPMA Aix Marseille - EGLISE PROTESTANTE MALGACHE EN FRANCE","robots":{"index":"index","follow":"follow","max-snippet":"max-snippet:-1","max-image-preview":"max-image-preview:large","max-video-preview":"max-video-preview:-1"},"canonical":"https:\/\/fpmaam.org\/ministere2\/2016\/11\/13\/concours-de-lhymne-du-60e\/","og_locale":"fr_FR","og_type":"article","og_title":"Concours de l'hymne du 60\u00e8me [MAJ] - FPMA Aix Marseille - EGLISE PROTESTANTE MALGACHE EN FRANCE","og_description":"&nbsp; La c\u00e9l\u00e9bration du 60\u00e8 Anniversaire se d\u00e9roulera pendant un an mais elle laissera pour la g\u00e9n\u00e9ration future un chant-souvenir,qui comme le logo,devrait s\u2019inscrire dans l\u2019esprit porter par le Teny Faneva. Article 1 \u2013Participants Le concours est ouvert \u00e0 tous les paroissiens de FPMAAM et aux Zanaka am \u2013pielezana (ceux qui y habitent plus\u00a0; Article &hellip; Continuer la lecture de &laquo;&nbsp;Concours de l&rsquo;hymne du 60\u00e8me [MAJ]&nbsp;&raquo;","og_url":"https:\/\/fpmaam.org\/ministere2\/2016\/11\/13\/concours-de-lhymne-du-60e\/","og_site_name":"FPMA Aix Marseille - EGLISE PROTESTANTE MALGACHE EN FRANCE","article_published_time":"2016-11-13T17:32:21+00:00","article_modified_time":"2016-11-13T17:39:03+00:00","author":"admin","twitter_card":"summary_large_image","twitter_misc":{"\u00c9crit par":"admin","Dur\u00e9e de lecture estim\u00e9e":"2 minutes"},"schema":{"@context":"https:\/\/schema.org","@graph":[{"@type":"Article","@id":"https:\/\/fpmaam.org\/ministere2\/2016\/11\/13\/concours-de-lhymne-du-60e\/#article","isPartOf":{"@id":"https:\/\/fpmaam.org\/ministere2\/2016\/11\/13\/concours-de-lhymne-du-60e\/"},"author":{"name":"admin","@id":"https:\/\/fpmaam.org\/ministere2\/#\/schema\/person\/2125ca29a0b07a456fd343518df44b67"},"headline":"Concours de l&rsquo;hymne du 60\u00e8me [MAJ]","datePublished":"2016-11-13T17:32:21+00:00","dateModified":"2016-11-13T17:39:03+00:00","mainEntityOfPage":{"@id":"https:\/\/fpmaam.org\/ministere2\/2016\/11\/13\/concours-de-lhymne-du-60e\/"},"wordCount":362,"commentCount":0,"publisher":{"@id":"https:\/\/fpmaam.org\/ministere2\/#organization"},"inLanguage":"fr-FR","potentialAction":[{"@type":"CommentAction","name":"Comment","target":["https:\/\/fpmaam.org\/ministere2\/2016\/11\/13\/concours-de-lhymne-du-60e\/#respond"]}]},{"@type":"WebPage","@id":"https:\/\/fpmaam.org\/ministere2\/2016\/11\/13\/concours-de-lhymne-du-60e\/","url":"https:\/\/fpmaam.org\/ministere2\/2016\/11\/13\/concours-de-lhymne-du-60e\/","name":"Concours de l'hymne du 60\u00e8me [MAJ] - FPMA Aix Marseille - EGLISE PROTESTANTE MALGACHE EN FRANCE","isPartOf":{"@id":"https:\/\/fpmaam.org\/ministere2\/#website"},"datePublished":"2016-11-13T17:32:21+00:00","dateModified":"2016-11-13T17:39:03+00:00","breadcrumb":{"@id":"https:\/\/fpmaam.org\/ministere2\/2016\/11\/13\/concours-de-lhymne-du-60e\/#breadcrumb"},"inLanguage":"fr-FR","potentialAction":[{"@type":"ReadAction","target":["https:\/\/fpmaam.org\/ministere2\/2016\/11\/13\/concours-de-lhymne-du-60e\/"]}]},{"@type":"BreadcrumbList","@id":"https:\/\/fpmaam.org\/ministere2\/2016\/11\/13\/concours-de-lhymne-du-60e\/#breadcrumb","itemListElement":[{"@type":"ListItem","position":1,"name":"Accueil","item":"https:\/\/fpmaam.org\/ministere2\/"},{"@type":"ListItem","position":2,"name":"Concours de l&rsquo;hymne du 60\u00e8me [MAJ]"}]},{"@type":"WebSite","@id":"https:\/\/fpmaam.org\/ministere2\/#website","url":"https:\/\/fpmaam.org\/ministere2\/","name":"FPMA Aix Marseille - EGLISE PROTESTANTE MALGACHE EN FRANCE","description":"","publisher":{"@id":"https:\/\/fpmaam.org\/ministere2\/#organization"},"potentialAction":[{"@type":"SearchAction","target":{"@type":"EntryPoint","urlTemplate":"https:\/\/fpmaam.org\/ministere2\/?s={search_term_string}"},"query-input":{"@type":"PropertyValueSpecification","valueRequired":true,"valueName":"search_term_string"}}],"inLanguage":"fr-FR"},{"@type":"Organization","@id":"https:\/\/fpmaam.org\/ministere2\/#organization","name":"FPMA Aix Marseille - EGLISE PROTESTANTE MALGACHE EN FRANCE","url":"https:\/\/fpmaam.org\/ministere2\/","logo":{"@type":"ImageObject","inLanguage":"fr-FR","@id":"https:\/\/fpmaam.org\/ministere2\/#\/schema\/logo\/image\/","url":"https:\/\/fpmaam.org\/ministere2\/wp-content\/uploads\/2025\/03\/cropped-fpmaam_logo.png","contentUrl":"https:\/\/fpmaam.org\/ministere2\/wp-content\/uploads\/2025\/03\/cropped-fpmaam_logo.png","width":240,"height":240,"caption":"FPMA Aix Marseille - EGLISE PROTESTANTE MALGACHE EN FRANCE"},"image":{"@id":"https:\/\/fpmaam.org\/ministere2\/#\/schema\/logo\/image\/"}},{"@type":"Person","@id":"https:\/\/fpmaam.org\/ministere2\/#\/schema\/person\/2125ca29a0b07a456fd343518df44b67","name":"admin","image":{"@type":"ImageObject","inLanguage":"fr-FR","@id":"https:\/\/fpmaam.org\/ministere2\/#\/schema\/person\/image\/","url":"https:\/\/secure.gravatar.com\/avatar\/2000cb25cca5da2aef14093492d47a94?s=96&d=mm&r=g","contentUrl":"https:\/\/secure.gravatar.com\/avatar\/2000cb25cca5da2aef14093492d47a94?s=96&d=mm&r=g","caption":"admin"},"url":"https:\/\/fpmaam.org\/ministere2\/author\/admin\/"}]}},"_links":{"self":[{"href":"https:\/\/fpmaam.org\/ministere2\/wp-json\/wp\/v2\/posts\/14224","targetHints":{"allow":["GET"]}}],"collection":[{"href":"https:\/\/fpmaam.org\/ministere2\/wp-json\/wp\/v2\/posts"}],"about":[{"href":"https:\/\/fpmaam.org\/ministere2\/wp-json\/wp\/v2\/types\/post"}],"author":[{"embeddable":true,"href":"https:\/\/fpmaam.org\/ministere2\/wp-json\/wp\/v2\/users\/1"}],"replies":[{"embeddable":true,"href":"https:\/\/fpmaam.org\/ministere2\/wp-json\/wp\/v2\/comments?post=14224"}],"version-history":[{"count":4,"href":"https:\/\/fpmaam.org\/ministere2\/wp-json\/wp\/v2\/posts\/14224\/revisions"}],"predecessor-version":[{"id":14231,"href":"https:\/\/fpmaam.org\/ministere2\/wp-json\/wp\/v2\/posts\/14224\/revisions\/14231"}],"wp:attachment":[{"href":"https:\/\/fpmaam.org\/ministere2\/wp-json\/wp\/v2\/media?parent=14224"}],"wp:term":[{"taxonomy":"category","embeddable":true,"href":"https:\/\/fpmaam.org\/ministere2\/wp-json\/wp\/v2\/categories?post=14224"},{"taxonomy":"post_tag","embeddable":true,"href":"https:\/\/fpmaam.org\/ministere2\/wp-json\/wp\/v2\/tags?post=14224"}],"curies":[{"name":"wp","href":"https:\/\/api.w.org\/{rel}","templated":true}]}}