{"id":14255,"date":"2017-01-07T23:15:02","date_gmt":"2017-01-07T22:15:02","guid":{"rendered":"https:\/\/fpmaam.org\/ministere\/?p=14255"},"modified":"2017-01-07T23:18:04","modified_gmt":"2017-01-07T22:18:04","slug":"josefa-lehilay-marina-2","status":"publish","type":"post","link":"https:\/\/fpmaam.org\/ministere2\/2017\/01\/07\/josefa-lehilay-marina-2\/","title":{"rendered":"[Audio] Andriamanitra avy monina amintsika"},"content":{"rendered":"<!--[if lt IE 9]><script>document.createElement('audio');<\/script><![endif]-->\n<audio class=\"wp-audio-shortcode\" id=\"audio-14255-1\" preload=\"none\" style=\"width: 100%;\" controls=\"controls\"><source type=\"audio\/mpeg\" src=\"https:\/\/fpmaam.org\/ministere\/podcast\/media\/2017-01-07_2-andriamanitra_avy_monina.mp3?_=1\" \/><a href=\"https:\/\/fpmaam.org\/ministere\/podcast\/media\/2017-01-07_2-andriamanitra_avy_monina.mp3\">https:\/\/fpmaam.org\/ministere\/podcast\/media\/2017-01-07_2-andriamanitra_avy_monina.mp3<\/a><\/audio>\n<div>\n<div><\/div>\n<h1>Andriamanitra avy monina amintsika<\/h1>\n<h1>Dieu vient habiter au milieu de son peuple<\/h1>\n<p>\u00abAry ny Teny dia tonga nofo (olombelona) ka nonina teto amintsika; ary hitanay ny voninahiny, dia voninahitra<\/p>\n<p>mendrika ho an\u2019ny Lahitokana avy tamin\u2019ny Ray sady feno fahasoavana sy fahamarinana.\u00bb<\/p>\n<p>(Jaona 1:14)<\/p>\n<p>\u00abLa Parole est devenue un homme, et il a habit\u00e9 parmi nous. Nous avons vu sa gloire. Cette gloire, il la re\u00e7oit du P\u00e8re. C\u2019est la gloire du Fils unique, plein d\u2019amour et de v\u00e9rit\u00e9.\u00bb<\/p>\n<p>(Jean 1:14 PDV)<\/p>\n<p>Lectures :<\/p>\n<p>Esa\u00efe 52.7-10<\/p>\n<p>H\u00e9breux 1.1-6<\/p>\n<p>Jean 1.1-18<\/p>\n<\/div>\n","protected":false},"excerpt":{"rendered":"<p>Andriamanitra avy monina amintsika Dieu vient habiter au milieu de son peuple \u00abAry ny Teny dia tonga nofo (olombelona) ka nonina teto amintsika; ary hitanay ny voninahiny, dia voninahitra mendrika ho an\u2019ny Lahitokana avy tamin\u2019ny Ray sady feno fahasoavana sy fahamarinana.\u00bb (Jaona 1:14) \u00abLa Parole est devenue un homme, et il a habit\u00e9 parmi nous. &hellip; <a href=\"https:\/\/fpmaam.org\/ministere2\/2017\/01\/07\/josefa-lehilay-marina-2\/\" class=\"more-link\">Continuer la lecture<span class=\"screen-reader-text\"> de &laquo;&nbsp;[Audio] Andriamanitra avy monina amintsika&nbsp;&raquo;<\/span><\/a><\/p>\n","protected":false},"author":1,"featured_media":0,"comment_status":"open","ping_status":"open","sticky":false,"template":"","format":"standard","meta":{"footnotes":""},"categories":[],"tags":[],"class_list":["post-14255","post","type-post","status-publish","format-standard","hentry"],"yoast_head":"<!-- This site is optimized with the Yoast SEO plugin v26.8 - https:\/\/yoast.com\/product\/yoast-seo-wordpress\/ -->\n<title>[Audio] Andriamanitra avy monina amintsika - FPMA Aix Marseille - EGLISE PROTESTANTE MALGACHE EN FRANCE<\/title>\n<meta name=\"robots\" content=\"index, follow, max-snippet:-1, max-image-preview:large, max-video-preview:-1\" \/>\n<link rel=\"canonical\" href=\"https:\/\/fpmaam.org\/ministere2\/2017\/01\/07\/josefa-lehilay-marina-2\/\" \/>\n<meta property=\"og:locale\" content=\"fr_FR\" \/>\n<meta property=\"og:type\" content=\"article\" \/>\n<meta property=\"og:title\" content=\"[Audio] Andriamanitra avy monina amintsika - FPMA Aix Marseille - EGLISE PROTESTANTE MALGACHE EN FRANCE\" \/>\n<meta property=\"og:description\" content=\"Andriamanitra avy monina amintsika Dieu vient habiter au milieu de son peuple \u00abAry ny Teny dia tonga nofo (olombelona) ka nonina teto amintsika; ary hitanay ny voninahiny, dia voninahitra mendrika ho an\u2019ny Lahitokana avy tamin\u2019ny Ray sady feno fahasoavana sy fahamarinana.\u00bb (Jaona 1:14) \u00abLa Parole est devenue un homme, et il a habit\u00e9 parmi nous. &hellip; Continuer la lecture de &laquo;&nbsp;[Audio] Andriamanitra avy monina amintsika&nbsp;&raquo;\" \/>\n<meta property=\"og:url\" content=\"https:\/\/fpmaam.org\/ministere2\/2017\/01\/07\/josefa-lehilay-marina-2\/\" \/>\n<meta property=\"og:site_name\" content=\"FPMA Aix Marseille - EGLISE PROTESTANTE MALGACHE EN FRANCE\" \/>\n<meta property=\"article:published_time\" content=\"2017-01-07T22:15:02+00:00\" \/>\n<meta property=\"article:modified_time\" content=\"2017-01-07T22:18:04+00:00\" \/>\n<meta name=\"author\" content=\"admin\" \/>\n<meta name=\"twitter:card\" content=\"summary_large_image\" \/>\n<meta name=\"twitter:label1\" content=\"\u00c9crit par\" \/>\n\t<meta name=\"twitter:data1\" content=\"admin\" \/>\n\t<meta name=\"twitter:label2\" content=\"Dur\u00e9e de lecture estim\u00e9e\" \/>\n\t<meta name=\"twitter:data2\" content=\"1 minute\" \/>\n<script type=\"application\/ld+json\" class=\"yoast-schema-graph\">{\"@context\":\"https:\/\/schema.org\",\"@graph\":[{\"@type\":\"Article\",\"@id\":\"https:\/\/fpmaam.org\/ministere2\/2017\/01\/07\/josefa-lehilay-marina-2\/#article\",\"isPartOf\":{\"@id\":\"https:\/\/fpmaam.org\/ministere2\/2017\/01\/07\/josefa-lehilay-marina-2\/\"},\"author\":{\"name\":\"admin\",\"@id\":\"https:\/\/fpmaam.org\/ministere2\/#\/schema\/person\/2125ca29a0b07a456fd343518df44b67\"},\"headline\":\"[Audio] Andriamanitra avy monina amintsika\",\"datePublished\":\"2017-01-07T22:15:02+00:00\",\"dateModified\":\"2017-01-07T22:18:04+00:00\",\"mainEntityOfPage\":{\"@id\":\"https:\/\/fpmaam.org\/ministere2\/2017\/01\/07\/josefa-lehilay-marina-2\/\"},\"wordCount\":114,\"commentCount\":0,\"publisher\":{\"@id\":\"https:\/\/fpmaam.org\/ministere2\/#organization\"},\"inLanguage\":\"fr-FR\",\"potentialAction\":[{\"@type\":\"CommentAction\",\"name\":\"Comment\",\"target\":[\"https:\/\/fpmaam.org\/ministere2\/2017\/01\/07\/josefa-lehilay-marina-2\/#respond\"]}]},{\"@type\":\"WebPage\",\"@id\":\"https:\/\/fpmaam.org\/ministere2\/2017\/01\/07\/josefa-lehilay-marina-2\/\",\"url\":\"https:\/\/fpmaam.org\/ministere2\/2017\/01\/07\/josefa-lehilay-marina-2\/\",\"name\":\"[Audio] Andriamanitra avy monina amintsika - FPMA Aix Marseille - EGLISE PROTESTANTE MALGACHE EN FRANCE\",\"isPartOf\":{\"@id\":\"https:\/\/fpmaam.org\/ministere2\/#website\"},\"datePublished\":\"2017-01-07T22:15:02+00:00\",\"dateModified\":\"2017-01-07T22:18:04+00:00\",\"breadcrumb\":{\"@id\":\"https:\/\/fpmaam.org\/ministere2\/2017\/01\/07\/josefa-lehilay-marina-2\/#breadcrumb\"},\"inLanguage\":\"fr-FR\",\"potentialAction\":[{\"@type\":\"ReadAction\",\"target\":[\"https:\/\/fpmaam.org\/ministere2\/2017\/01\/07\/josefa-lehilay-marina-2\/\"]}]},{\"@type\":\"BreadcrumbList\",\"@id\":\"https:\/\/fpmaam.org\/ministere2\/2017\/01\/07\/josefa-lehilay-marina-2\/#breadcrumb\",\"itemListElement\":[{\"@type\":\"ListItem\",\"position\":1,\"name\":\"Accueil\",\"item\":\"https:\/\/fpmaam.org\/ministere2\/\"},{\"@type\":\"ListItem\",\"position\":2,\"name\":\"[Audio] Andriamanitra avy monina amintsika\"}]},{\"@type\":\"WebSite\",\"@id\":\"https:\/\/fpmaam.org\/ministere2\/#website\",\"url\":\"https:\/\/fpmaam.org\/ministere2\/\",\"name\":\"FPMA Aix Marseille - EGLISE PROTESTANTE MALGACHE EN FRANCE\",\"description\":\"\",\"publisher\":{\"@id\":\"https:\/\/fpmaam.org\/ministere2\/#organization\"},\"potentialAction\":[{\"@type\":\"SearchAction\",\"target\":{\"@type\":\"EntryPoint\",\"urlTemplate\":\"https:\/\/fpmaam.org\/ministere2\/?s={search_term_string}\"},\"query-input\":{\"@type\":\"PropertyValueSpecification\",\"valueRequired\":true,\"valueName\":\"search_term_string\"}}],\"inLanguage\":\"fr-FR\"},{\"@type\":\"Organization\",\"@id\":\"https:\/\/fpmaam.org\/ministere2\/#organization\",\"name\":\"FPMA Aix Marseille - EGLISE PROTESTANTE MALGACHE EN FRANCE\",\"url\":\"https:\/\/fpmaam.org\/ministere2\/\",\"logo\":{\"@type\":\"ImageObject\",\"inLanguage\":\"fr-FR\",\"@id\":\"https:\/\/fpmaam.org\/ministere2\/#\/schema\/logo\/image\/\",\"url\":\"https:\/\/fpmaam.org\/ministere2\/wp-content\/uploads\/2025\/03\/cropped-fpmaam_logo.png\",\"contentUrl\":\"https:\/\/fpmaam.org\/ministere2\/wp-content\/uploads\/2025\/03\/cropped-fpmaam_logo.png\",\"width\":240,\"height\":240,\"caption\":\"FPMA Aix Marseille - EGLISE PROTESTANTE MALGACHE EN FRANCE\"},\"image\":{\"@id\":\"https:\/\/fpmaam.org\/ministere2\/#\/schema\/logo\/image\/\"}},{\"@type\":\"Person\",\"@id\":\"https:\/\/fpmaam.org\/ministere2\/#\/schema\/person\/2125ca29a0b07a456fd343518df44b67\",\"name\":\"admin\",\"image\":{\"@type\":\"ImageObject\",\"inLanguage\":\"fr-FR\",\"@id\":\"https:\/\/fpmaam.org\/ministere2\/#\/schema\/person\/image\/\",\"url\":\"https:\/\/secure.gravatar.com\/avatar\/2000cb25cca5da2aef14093492d47a94?s=96&d=mm&r=g\",\"contentUrl\":\"https:\/\/secure.gravatar.com\/avatar\/2000cb25cca5da2aef14093492d47a94?s=96&d=mm&r=g\",\"caption\":\"admin\"},\"url\":\"https:\/\/fpmaam.org\/ministere2\/author\/admin\/\"}]}<\/script>\n<!-- \/ Yoast SEO plugin. -->","yoast_head_json":{"title":"[Audio] Andriamanitra avy monina amintsika - FPMA Aix Marseille - EGLISE PROTESTANTE MALGACHE EN FRANCE","robots":{"index":"index","follow":"follow","max-snippet":"max-snippet:-1","max-image-preview":"max-image-preview:large","max-video-preview":"max-video-preview:-1"},"canonical":"https:\/\/fpmaam.org\/ministere2\/2017\/01\/07\/josefa-lehilay-marina-2\/","og_locale":"fr_FR","og_type":"article","og_title":"[Audio] Andriamanitra avy monina amintsika - FPMA Aix Marseille - EGLISE PROTESTANTE MALGACHE EN FRANCE","og_description":"Andriamanitra avy monina amintsika Dieu vient habiter au milieu de son peuple \u00abAry ny Teny dia tonga nofo (olombelona) ka nonina teto amintsika; ary hitanay ny voninahiny, dia voninahitra mendrika ho an\u2019ny Lahitokana avy tamin\u2019ny Ray sady feno fahasoavana sy fahamarinana.\u00bb (Jaona 1:14) \u00abLa Parole est devenue un homme, et il a habit\u00e9 parmi nous. &hellip; Continuer la lecture de &laquo;&nbsp;[Audio] Andriamanitra avy monina amintsika&nbsp;&raquo;","og_url":"https:\/\/fpmaam.org\/ministere2\/2017\/01\/07\/josefa-lehilay-marina-2\/","og_site_name":"FPMA Aix Marseille - EGLISE PROTESTANTE MALGACHE EN FRANCE","article_published_time":"2017-01-07T22:15:02+00:00","article_modified_time":"2017-01-07T22:18:04+00:00","author":"admin","twitter_card":"summary_large_image","twitter_misc":{"\u00c9crit par":"admin","Dur\u00e9e de lecture estim\u00e9e":"1 minute"},"schema":{"@context":"https:\/\/schema.org","@graph":[{"@type":"Article","@id":"https:\/\/fpmaam.org\/ministere2\/2017\/01\/07\/josefa-lehilay-marina-2\/#article","isPartOf":{"@id":"https:\/\/fpmaam.org\/ministere2\/2017\/01\/07\/josefa-lehilay-marina-2\/"},"author":{"name":"admin","@id":"https:\/\/fpmaam.org\/ministere2\/#\/schema\/person\/2125ca29a0b07a456fd343518df44b67"},"headline":"[Audio] Andriamanitra avy monina amintsika","datePublished":"2017-01-07T22:15:02+00:00","dateModified":"2017-01-07T22:18:04+00:00","mainEntityOfPage":{"@id":"https:\/\/fpmaam.org\/ministere2\/2017\/01\/07\/josefa-lehilay-marina-2\/"},"wordCount":114,"commentCount":0,"publisher":{"@id":"https:\/\/fpmaam.org\/ministere2\/#organization"},"inLanguage":"fr-FR","potentialAction":[{"@type":"CommentAction","name":"Comment","target":["https:\/\/fpmaam.org\/ministere2\/2017\/01\/07\/josefa-lehilay-marina-2\/#respond"]}]},{"@type":"WebPage","@id":"https:\/\/fpmaam.org\/ministere2\/2017\/01\/07\/josefa-lehilay-marina-2\/","url":"https:\/\/fpmaam.org\/ministere2\/2017\/01\/07\/josefa-lehilay-marina-2\/","name":"[Audio] Andriamanitra avy monina amintsika - FPMA Aix Marseille - EGLISE PROTESTANTE MALGACHE EN FRANCE","isPartOf":{"@id":"https:\/\/fpmaam.org\/ministere2\/#website"},"datePublished":"2017-01-07T22:15:02+00:00","dateModified":"2017-01-07T22:18:04+00:00","breadcrumb":{"@id":"https:\/\/fpmaam.org\/ministere2\/2017\/01\/07\/josefa-lehilay-marina-2\/#breadcrumb"},"inLanguage":"fr-FR","potentialAction":[{"@type":"ReadAction","target":["https:\/\/fpmaam.org\/ministere2\/2017\/01\/07\/josefa-lehilay-marina-2\/"]}]},{"@type":"BreadcrumbList","@id":"https:\/\/fpmaam.org\/ministere2\/2017\/01\/07\/josefa-lehilay-marina-2\/#breadcrumb","itemListElement":[{"@type":"ListItem","position":1,"name":"Accueil","item":"https:\/\/fpmaam.org\/ministere2\/"},{"@type":"ListItem","position":2,"name":"[Audio] Andriamanitra avy monina amintsika"}]},{"@type":"WebSite","@id":"https:\/\/fpmaam.org\/ministere2\/#website","url":"https:\/\/fpmaam.org\/ministere2\/","name":"FPMA Aix Marseille - EGLISE PROTESTANTE MALGACHE EN FRANCE","description":"","publisher":{"@id":"https:\/\/fpmaam.org\/ministere2\/#organization"},"potentialAction":[{"@type":"SearchAction","target":{"@type":"EntryPoint","urlTemplate":"https:\/\/fpmaam.org\/ministere2\/?s={search_term_string}"},"query-input":{"@type":"PropertyValueSpecification","valueRequired":true,"valueName":"search_term_string"}}],"inLanguage":"fr-FR"},{"@type":"Organization","@id":"https:\/\/fpmaam.org\/ministere2\/#organization","name":"FPMA Aix Marseille - EGLISE PROTESTANTE MALGACHE EN FRANCE","url":"https:\/\/fpmaam.org\/ministere2\/","logo":{"@type":"ImageObject","inLanguage":"fr-FR","@id":"https:\/\/fpmaam.org\/ministere2\/#\/schema\/logo\/image\/","url":"https:\/\/fpmaam.org\/ministere2\/wp-content\/uploads\/2025\/03\/cropped-fpmaam_logo.png","contentUrl":"https:\/\/fpmaam.org\/ministere2\/wp-content\/uploads\/2025\/03\/cropped-fpmaam_logo.png","width":240,"height":240,"caption":"FPMA Aix Marseille - EGLISE PROTESTANTE MALGACHE EN FRANCE"},"image":{"@id":"https:\/\/fpmaam.org\/ministere2\/#\/schema\/logo\/image\/"}},{"@type":"Person","@id":"https:\/\/fpmaam.org\/ministere2\/#\/schema\/person\/2125ca29a0b07a456fd343518df44b67","name":"admin","image":{"@type":"ImageObject","inLanguage":"fr-FR","@id":"https:\/\/fpmaam.org\/ministere2\/#\/schema\/person\/image\/","url":"https:\/\/secure.gravatar.com\/avatar\/2000cb25cca5da2aef14093492d47a94?s=96&d=mm&r=g","contentUrl":"https:\/\/secure.gravatar.com\/avatar\/2000cb25cca5da2aef14093492d47a94?s=96&d=mm&r=g","caption":"admin"},"url":"https:\/\/fpmaam.org\/ministere2\/author\/admin\/"}]}},"_links":{"self":[{"href":"https:\/\/fpmaam.org\/ministere2\/wp-json\/wp\/v2\/posts\/14255","targetHints":{"allow":["GET"]}}],"collection":[{"href":"https:\/\/fpmaam.org\/ministere2\/wp-json\/wp\/v2\/posts"}],"about":[{"href":"https:\/\/fpmaam.org\/ministere2\/wp-json\/wp\/v2\/types\/post"}],"author":[{"embeddable":true,"href":"https:\/\/fpmaam.org\/ministere2\/wp-json\/wp\/v2\/users\/1"}],"replies":[{"embeddable":true,"href":"https:\/\/fpmaam.org\/ministere2\/wp-json\/wp\/v2\/comments?post=14255"}],"version-history":[{"count":2,"href":"https:\/\/fpmaam.org\/ministere2\/wp-json\/wp\/v2\/posts\/14255\/revisions"}],"predecessor-version":[{"id":14260,"href":"https:\/\/fpmaam.org\/ministere2\/wp-json\/wp\/v2\/posts\/14255\/revisions\/14260"}],"wp:attachment":[{"href":"https:\/\/fpmaam.org\/ministere2\/wp-json\/wp\/v2\/media?parent=14255"}],"wp:term":[{"taxonomy":"category","embeddable":true,"href":"https:\/\/fpmaam.org\/ministere2\/wp-json\/wp\/v2\/categories?post=14255"},{"taxonomy":"post_tag","embeddable":true,"href":"https:\/\/fpmaam.org\/ministere2\/wp-json\/wp\/v2\/tags?post=14255"}],"curies":[{"name":"wp","href":"https:\/\/api.w.org\/{rel}","templated":true}]}}