{"id":14767,"date":"2018-12-28T10:06:41","date_gmt":"2018-12-28T09:06:41","guid":{"rendered":"https:\/\/fpmaam.org\/ministere\/?p=14767"},"modified":"2018-12-28T10:06:41","modified_gmt":"2018-12-28T09:06:41","slug":"la-communaute-protestante-malgache-veut-son-temple","status":"publish","type":"post","link":"https:\/\/fpmaam.org\/ministere2\/2018\/12\/28\/la-communaute-protestante-malgache-veut-son-temple\/","title":{"rendered":"La communaut\u00e9 protestante malgache veut son temple"},"content":{"rendered":"<div class=\"vc_row wpb_row vc_row-fluid\"><div class=\"wpb_column vc_column_container vc_col-sm-12\"><div class=\"vc_column-inner\"><div class=\"wpb_wrapper\">\n\t<div class=\"wpb_text_column wpb_content_element \" >\n\t\t<div class=\"wpb_wrapper\">\n\t\t\t<p>Depuis 60 ans la communaut\u00e9 protestante malgache r\u00e9unit autour de l\u2019\u00c9vangile, de la louange, du t\u00e9moignage les Malgaches de tous horizons et de tous \u00e2ges d\u2019Aix et Marseille.<\/p>\n<p>Retrouvez l&rsquo;article paru sur le site de la <a href=\"https:\/\/rcf.fr\/spiritualite\/fondamentaux-de-la-foi\/la-communaute-protestante-malgache-veut-son-temple?unkp=f81d9e9cf8ab3a72b34080aef9fdce9b#.XCUNlvu591Y.email\">rcf<\/a><\/p>\n<p><a href=\"https:\/\/rcf.fr\/spiritualite\/fondamentaux-de-la-foi\/la-communaute-protestante-malgache-veut-son-temple?unkp=f81d9e9cf8ab3a72b34080aef9fdce9b#.XCUNlvu591Y.email\">La communaut\u00e9 protestante malgache veut son temple<\/a><\/p>\n\n\t\t<\/div>\n\t<\/div>\n<\/div><\/div><\/div><\/div>\n","protected":false},"excerpt":{"rendered":"Depuis 60 ans la communaut\u00e9 protestante malgache r\u00e9unit autour de l\u2019\u00c9vangile, de la louange, du t\u00e9moignage les Malgaches de tous horizons et de tous \u00e2ges d\u2019Aix et Marseille. Retrouvez l'article paru sur le site de la rcf La communaut\u00e9 protestante malgache veut son temple","protected":false},"author":1,"featured_media":0,"comment_status":"open","ping_status":"open","sticky":false,"template":"","format":"standard","meta":{"footnotes":""},"categories":[],"tags":[],"class_list":["post-14767","post","type-post","status-publish","format-standard","hentry"],"yoast_head":"<!-- This site is optimized with the Yoast SEO plugin v26.8 - https:\/\/yoast.com\/product\/yoast-seo-wordpress\/ -->\n<title>La communaut\u00e9 protestante malgache veut son temple - FPMA Aix Marseille - EGLISE PROTESTANTE MALGACHE EN FRANCE<\/title>\n<meta name=\"robots\" content=\"index, follow, max-snippet:-1, max-image-preview:large, max-video-preview:-1\" \/>\n<link rel=\"canonical\" href=\"https:\/\/fpmaam.org\/ministere2\/2018\/12\/28\/la-communaute-protestante-malgache-veut-son-temple\/\" \/>\n<meta property=\"og:locale\" content=\"fr_FR\" \/>\n<meta property=\"og:type\" content=\"article\" \/>\n<meta property=\"og:title\" content=\"La communaut\u00e9 protestante malgache veut son temple - FPMA Aix Marseille - EGLISE PROTESTANTE MALGACHE EN FRANCE\" \/>\n<meta property=\"og:url\" content=\"https:\/\/fpmaam.org\/ministere2\/2018\/12\/28\/la-communaute-protestante-malgache-veut-son-temple\/\" \/>\n<meta property=\"og:site_name\" content=\"FPMA Aix Marseille - EGLISE PROTESTANTE MALGACHE EN FRANCE\" \/>\n<meta property=\"article:published_time\" content=\"2018-12-28T09:06:41+00:00\" \/>\n<meta name=\"author\" content=\"admin\" \/>\n<meta name=\"twitter:card\" content=\"summary_large_image\" \/>\n<meta name=\"twitter:label1\" content=\"\u00c9crit par\" \/>\n\t<meta name=\"twitter:data1\" content=\"admin\" \/>\n<script type=\"application\/ld+json\" class=\"yoast-schema-graph\">{\"@context\":\"https:\/\/schema.org\",\"@graph\":[{\"@type\":\"Article\",\"@id\":\"https:\/\/fpmaam.org\/ministere2\/2018\/12\/28\/la-communaute-protestante-malgache-veut-son-temple\/#article\",\"isPartOf\":{\"@id\":\"https:\/\/fpmaam.org\/ministere2\/2018\/12\/28\/la-communaute-protestante-malgache-veut-son-temple\/\"},\"author\":{\"name\":\"admin\",\"@id\":\"https:\/\/fpmaam.org\/ministere2\/#\/schema\/person\/2125ca29a0b07a456fd343518df44b67\"},\"headline\":\"La communaut\u00e9 protestante malgache veut son temple\",\"datePublished\":\"2018-12-28T09:06:41+00:00\",\"mainEntityOfPage\":{\"@id\":\"https:\/\/fpmaam.org\/ministere2\/2018\/12\/28\/la-communaute-protestante-malgache-veut-son-temple\/\"},\"wordCount\":88,\"commentCount\":0,\"publisher\":{\"@id\":\"https:\/\/fpmaam.org\/ministere2\/#organization\"},\"inLanguage\":\"fr-FR\",\"potentialAction\":[{\"@type\":\"CommentAction\",\"name\":\"Comment\",\"target\":[\"https:\/\/fpmaam.org\/ministere2\/2018\/12\/28\/la-communaute-protestante-malgache-veut-son-temple\/#respond\"]}]},{\"@type\":\"WebPage\",\"@id\":\"https:\/\/fpmaam.org\/ministere2\/2018\/12\/28\/la-communaute-protestante-malgache-veut-son-temple\/\",\"url\":\"https:\/\/fpmaam.org\/ministere2\/2018\/12\/28\/la-communaute-protestante-malgache-veut-son-temple\/\",\"name\":\"La communaut\u00e9 protestante malgache veut son temple - FPMA Aix Marseille - EGLISE PROTESTANTE MALGACHE EN FRANCE\",\"isPartOf\":{\"@id\":\"https:\/\/fpmaam.org\/ministere2\/#website\"},\"datePublished\":\"2018-12-28T09:06:41+00:00\",\"breadcrumb\":{\"@id\":\"https:\/\/fpmaam.org\/ministere2\/2018\/12\/28\/la-communaute-protestante-malgache-veut-son-temple\/#breadcrumb\"},\"inLanguage\":\"fr-FR\",\"potentialAction\":[{\"@type\":\"ReadAction\",\"target\":[\"https:\/\/fpmaam.org\/ministere2\/2018\/12\/28\/la-communaute-protestante-malgache-veut-son-temple\/\"]}]},{\"@type\":\"BreadcrumbList\",\"@id\":\"https:\/\/fpmaam.org\/ministere2\/2018\/12\/28\/la-communaute-protestante-malgache-veut-son-temple\/#breadcrumb\",\"itemListElement\":[{\"@type\":\"ListItem\",\"position\":1,\"name\":\"Accueil\",\"item\":\"https:\/\/fpmaam.org\/ministere2\/\"},{\"@type\":\"ListItem\",\"position\":2,\"name\":\"La communaut\u00e9 protestante malgache veut son temple\"}]},{\"@type\":\"WebSite\",\"@id\":\"https:\/\/fpmaam.org\/ministere2\/#website\",\"url\":\"https:\/\/fpmaam.org\/ministere2\/\",\"name\":\"FPMA Aix Marseille - EGLISE PROTESTANTE MALGACHE EN FRANCE\",\"description\":\"\",\"publisher\":{\"@id\":\"https:\/\/fpmaam.org\/ministere2\/#organization\"},\"potentialAction\":[{\"@type\":\"SearchAction\",\"target\":{\"@type\":\"EntryPoint\",\"urlTemplate\":\"https:\/\/fpmaam.org\/ministere2\/?s={search_term_string}\"},\"query-input\":{\"@type\":\"PropertyValueSpecification\",\"valueRequired\":true,\"valueName\":\"search_term_string\"}}],\"inLanguage\":\"fr-FR\"},{\"@type\":\"Organization\",\"@id\":\"https:\/\/fpmaam.org\/ministere2\/#organization\",\"name\":\"FPMA Aix Marseille - EGLISE PROTESTANTE MALGACHE EN FRANCE\",\"url\":\"https:\/\/fpmaam.org\/ministere2\/\",\"logo\":{\"@type\":\"ImageObject\",\"inLanguage\":\"fr-FR\",\"@id\":\"https:\/\/fpmaam.org\/ministere2\/#\/schema\/logo\/image\/\",\"url\":\"https:\/\/fpmaam.org\/ministere2\/wp-content\/uploads\/2025\/03\/cropped-fpmaam_logo.png\",\"contentUrl\":\"https:\/\/fpmaam.org\/ministere2\/wp-content\/uploads\/2025\/03\/cropped-fpmaam_logo.png\",\"width\":240,\"height\":240,\"caption\":\"FPMA Aix Marseille - EGLISE PROTESTANTE MALGACHE EN FRANCE\"},\"image\":{\"@id\":\"https:\/\/fpmaam.org\/ministere2\/#\/schema\/logo\/image\/\"}},{\"@type\":\"Person\",\"@id\":\"https:\/\/fpmaam.org\/ministere2\/#\/schema\/person\/2125ca29a0b07a456fd343518df44b67\",\"name\":\"admin\",\"image\":{\"@type\":\"ImageObject\",\"inLanguage\":\"fr-FR\",\"@id\":\"https:\/\/fpmaam.org\/ministere2\/#\/schema\/person\/image\/\",\"url\":\"https:\/\/secure.gravatar.com\/avatar\/2000cb25cca5da2aef14093492d47a94?s=96&d=mm&r=g\",\"contentUrl\":\"https:\/\/secure.gravatar.com\/avatar\/2000cb25cca5da2aef14093492d47a94?s=96&d=mm&r=g\",\"caption\":\"admin\"},\"url\":\"https:\/\/fpmaam.org\/ministere2\/author\/admin\/\"}]}<\/script>\n<!-- \/ Yoast SEO plugin. -->","yoast_head_json":{"title":"La communaut\u00e9 protestante malgache veut son temple - FPMA Aix Marseille - EGLISE PROTESTANTE MALGACHE EN FRANCE","robots":{"index":"index","follow":"follow","max-snippet":"max-snippet:-1","max-image-preview":"max-image-preview:large","max-video-preview":"max-video-preview:-1"},"canonical":"https:\/\/fpmaam.org\/ministere2\/2018\/12\/28\/la-communaute-protestante-malgache-veut-son-temple\/","og_locale":"fr_FR","og_type":"article","og_title":"La communaut\u00e9 protestante malgache veut son temple - FPMA Aix Marseille - EGLISE PROTESTANTE MALGACHE EN FRANCE","og_url":"https:\/\/fpmaam.org\/ministere2\/2018\/12\/28\/la-communaute-protestante-malgache-veut-son-temple\/","og_site_name":"FPMA Aix Marseille - EGLISE PROTESTANTE MALGACHE EN FRANCE","article_published_time":"2018-12-28T09:06:41+00:00","author":"admin","twitter_card":"summary_large_image","twitter_misc":{"\u00c9crit par":"admin"},"schema":{"@context":"https:\/\/schema.org","@graph":[{"@type":"Article","@id":"https:\/\/fpmaam.org\/ministere2\/2018\/12\/28\/la-communaute-protestante-malgache-veut-son-temple\/#article","isPartOf":{"@id":"https:\/\/fpmaam.org\/ministere2\/2018\/12\/28\/la-communaute-protestante-malgache-veut-son-temple\/"},"author":{"name":"admin","@id":"https:\/\/fpmaam.org\/ministere2\/#\/schema\/person\/2125ca29a0b07a456fd343518df44b67"},"headline":"La communaut\u00e9 protestante malgache veut son temple","datePublished":"2018-12-28T09:06:41+00:00","mainEntityOfPage":{"@id":"https:\/\/fpmaam.org\/ministere2\/2018\/12\/28\/la-communaute-protestante-malgache-veut-son-temple\/"},"wordCount":88,"commentCount":0,"publisher":{"@id":"https:\/\/fpmaam.org\/ministere2\/#organization"},"inLanguage":"fr-FR","potentialAction":[{"@type":"CommentAction","name":"Comment","target":["https:\/\/fpmaam.org\/ministere2\/2018\/12\/28\/la-communaute-protestante-malgache-veut-son-temple\/#respond"]}]},{"@type":"WebPage","@id":"https:\/\/fpmaam.org\/ministere2\/2018\/12\/28\/la-communaute-protestante-malgache-veut-son-temple\/","url":"https:\/\/fpmaam.org\/ministere2\/2018\/12\/28\/la-communaute-protestante-malgache-veut-son-temple\/","name":"La communaut\u00e9 protestante malgache veut son temple - FPMA Aix Marseille - EGLISE PROTESTANTE MALGACHE EN FRANCE","isPartOf":{"@id":"https:\/\/fpmaam.org\/ministere2\/#website"},"datePublished":"2018-12-28T09:06:41+00:00","breadcrumb":{"@id":"https:\/\/fpmaam.org\/ministere2\/2018\/12\/28\/la-communaute-protestante-malgache-veut-son-temple\/#breadcrumb"},"inLanguage":"fr-FR","potentialAction":[{"@type":"ReadAction","target":["https:\/\/fpmaam.org\/ministere2\/2018\/12\/28\/la-communaute-protestante-malgache-veut-son-temple\/"]}]},{"@type":"BreadcrumbList","@id":"https:\/\/fpmaam.org\/ministere2\/2018\/12\/28\/la-communaute-protestante-malgache-veut-son-temple\/#breadcrumb","itemListElement":[{"@type":"ListItem","position":1,"name":"Accueil","item":"https:\/\/fpmaam.org\/ministere2\/"},{"@type":"ListItem","position":2,"name":"La communaut\u00e9 protestante malgache veut son temple"}]},{"@type":"WebSite","@id":"https:\/\/fpmaam.org\/ministere2\/#website","url":"https:\/\/fpmaam.org\/ministere2\/","name":"FPMA Aix Marseille - EGLISE PROTESTANTE MALGACHE EN FRANCE","description":"","publisher":{"@id":"https:\/\/fpmaam.org\/ministere2\/#organization"},"potentialAction":[{"@type":"SearchAction","target":{"@type":"EntryPoint","urlTemplate":"https:\/\/fpmaam.org\/ministere2\/?s={search_term_string}"},"query-input":{"@type":"PropertyValueSpecification","valueRequired":true,"valueName":"search_term_string"}}],"inLanguage":"fr-FR"},{"@type":"Organization","@id":"https:\/\/fpmaam.org\/ministere2\/#organization","name":"FPMA Aix Marseille - EGLISE PROTESTANTE MALGACHE EN FRANCE","url":"https:\/\/fpmaam.org\/ministere2\/","logo":{"@type":"ImageObject","inLanguage":"fr-FR","@id":"https:\/\/fpmaam.org\/ministere2\/#\/schema\/logo\/image\/","url":"https:\/\/fpmaam.org\/ministere2\/wp-content\/uploads\/2025\/03\/cropped-fpmaam_logo.png","contentUrl":"https:\/\/fpmaam.org\/ministere2\/wp-content\/uploads\/2025\/03\/cropped-fpmaam_logo.png","width":240,"height":240,"caption":"FPMA Aix Marseille - EGLISE PROTESTANTE MALGACHE EN FRANCE"},"image":{"@id":"https:\/\/fpmaam.org\/ministere2\/#\/schema\/logo\/image\/"}},{"@type":"Person","@id":"https:\/\/fpmaam.org\/ministere2\/#\/schema\/person\/2125ca29a0b07a456fd343518df44b67","name":"admin","image":{"@type":"ImageObject","inLanguage":"fr-FR","@id":"https:\/\/fpmaam.org\/ministere2\/#\/schema\/person\/image\/","url":"https:\/\/secure.gravatar.com\/avatar\/2000cb25cca5da2aef14093492d47a94?s=96&d=mm&r=g","contentUrl":"https:\/\/secure.gravatar.com\/avatar\/2000cb25cca5da2aef14093492d47a94?s=96&d=mm&r=g","caption":"admin"},"url":"https:\/\/fpmaam.org\/ministere2\/author\/admin\/"}]}},"_links":{"self":[{"href":"https:\/\/fpmaam.org\/ministere2\/wp-json\/wp\/v2\/posts\/14767","targetHints":{"allow":["GET"]}}],"collection":[{"href":"https:\/\/fpmaam.org\/ministere2\/wp-json\/wp\/v2\/posts"}],"about":[{"href":"https:\/\/fpmaam.org\/ministere2\/wp-json\/wp\/v2\/types\/post"}],"author":[{"embeddable":true,"href":"https:\/\/fpmaam.org\/ministere2\/wp-json\/wp\/v2\/users\/1"}],"replies":[{"embeddable":true,"href":"https:\/\/fpmaam.org\/ministere2\/wp-json\/wp\/v2\/comments?post=14767"}],"version-history":[{"count":1,"href":"https:\/\/fpmaam.org\/ministere2\/wp-json\/wp\/v2\/posts\/14767\/revisions"}],"predecessor-version":[{"id":14768,"href":"https:\/\/fpmaam.org\/ministere2\/wp-json\/wp\/v2\/posts\/14767\/revisions\/14768"}],"wp:attachment":[{"href":"https:\/\/fpmaam.org\/ministere2\/wp-json\/wp\/v2\/media?parent=14767"}],"wp:term":[{"taxonomy":"category","embeddable":true,"href":"https:\/\/fpmaam.org\/ministere2\/wp-json\/wp\/v2\/categories?post=14767"},{"taxonomy":"post_tag","embeddable":true,"href":"https:\/\/fpmaam.org\/ministere2\/wp-json\/wp\/v2\/tags?post=14767"}],"curies":[{"name":"wp","href":"https:\/\/api.w.org\/{rel}","templated":true}]}}