{"id":1796,"date":"2013-08-18T16:52:39","date_gmt":"2013-08-18T16:52:39","guid":{"rendered":"https:\/\/fpmaam.org\/ministere\/?p=1796"},"modified":"2015-05-03T19:03:15","modified_gmt":"2015-05-03T19:03:15","slug":"samson-peut-on-faner-la-ou-dieu-nous-a-semes","status":"publish","type":"post","link":"https:\/\/fpmaam.org\/ministere2\/2013\/08\/18\/samson-peut-on-faner-la-ou-dieu-nous-a-semes\/","title":{"rendered":"Samson : peut-on faner l\u00e0 o\u00f9 Dieu nous a sem\u00e9s ?"},"content":{"rendered":"<p>Lire l&rsquo;histoire de Samson dans Juges 14, Juges 15, Juges 15<br \/>\nRetraite FPMA Aix Marseille 15 et 16 septembre 2012<\/p>\n<p>Texte retranscrit du message audio par le SVK disponible en pdf.<br \/>\n<a href=\"https:\/\/fpmaam.org\/ministere\/wp-content\/uploads\/2013\/08\/Peut-on-faner-retraite-FPMAAM.pdf\">Peut-on faner &#8211; retraite FPMAAM<\/a><\/p>\n","protected":false},"excerpt":{"rendered":"<p>Lire l&rsquo;histoire de Samson dans Juges 14, Juges 15, Juges 15 Retraite FPMA Aix Marseille 15 et 16 septembre 2012 Texte retranscrit du message audio par le SVK disponible en pdf. Peut-on faner &#8211; retraite FPMAAM<\/p>\n","protected":false},"author":2,"featured_media":0,"comment_status":"open","ping_status":"open","sticky":false,"template":"","format":"standard","meta":{"footnotes":""},"categories":[],"tags":[],"class_list":["post-1796","post","type-post","status-publish","format-standard","hentry"],"yoast_head":"<!-- This site is optimized with the Yoast SEO plugin v26.8 - https:\/\/yoast.com\/product\/yoast-seo-wordpress\/ -->\n<title>Samson : peut-on faner l\u00e0 o\u00f9 Dieu nous a sem\u00e9s ? - FPMA Aix Marseille - EGLISE PROTESTANTE MALGACHE EN FRANCE<\/title>\n<meta name=\"robots\" content=\"index, follow, max-snippet:-1, max-image-preview:large, max-video-preview:-1\" \/>\n<link rel=\"canonical\" href=\"https:\/\/fpmaam.org\/ministere2\/2013\/08\/18\/samson-peut-on-faner-la-ou-dieu-nous-a-semes\/\" \/>\n<meta property=\"og:locale\" content=\"fr_FR\" \/>\n<meta property=\"og:type\" content=\"article\" \/>\n<meta property=\"og:title\" content=\"Samson : peut-on faner l\u00e0 o\u00f9 Dieu nous a sem\u00e9s ? - FPMA Aix Marseille - EGLISE PROTESTANTE MALGACHE EN FRANCE\" \/>\n<meta property=\"og:description\" content=\"Lire l&rsquo;histoire de Samson dans Juges 14, Juges 15, Juges 15 Retraite FPMA Aix Marseille 15 et 16 septembre 2012 Texte retranscrit du message audio par le SVK disponible en pdf. Peut-on faner &#8211; retraite FPMAAM\" \/>\n<meta property=\"og:url\" content=\"https:\/\/fpmaam.org\/ministere2\/2013\/08\/18\/samson-peut-on-faner-la-ou-dieu-nous-a-semes\/\" \/>\n<meta property=\"og:site_name\" content=\"FPMA Aix Marseille - EGLISE PROTESTANTE MALGACHE EN FRANCE\" \/>\n<meta property=\"article:published_time\" content=\"2013-08-18T16:52:39+00:00\" \/>\n<meta property=\"article:modified_time\" content=\"2015-05-03T19:03:15+00:00\" \/>\n<meta name=\"author\" content=\"president\" \/>\n<meta name=\"twitter:card\" content=\"summary_large_image\" \/>\n<meta name=\"twitter:label1\" content=\"\u00c9crit par\" \/>\n\t<meta name=\"twitter:data1\" content=\"president\" \/>\n<script type=\"application\/ld+json\" class=\"yoast-schema-graph\">{\"@context\":\"https:\/\/schema.org\",\"@graph\":[{\"@type\":\"Article\",\"@id\":\"https:\/\/fpmaam.org\/ministere2\/2013\/08\/18\/samson-peut-on-faner-la-ou-dieu-nous-a-semes\/#article\",\"isPartOf\":{\"@id\":\"https:\/\/fpmaam.org\/ministere2\/2013\/08\/18\/samson-peut-on-faner-la-ou-dieu-nous-a-semes\/\"},\"author\":{\"name\":\"president\",\"@id\":\"https:\/\/fpmaam.org\/ministere2\/#\/schema\/person\/ff56433fcd98f0093229506e2c1cfd58\"},\"headline\":\"Samson : peut-on faner l\u00e0 o\u00f9 Dieu nous a sem\u00e9s ?\",\"datePublished\":\"2013-08-18T16:52:39+00:00\",\"dateModified\":\"2015-05-03T19:03:15+00:00\",\"mainEntityOfPage\":{\"@id\":\"https:\/\/fpmaam.org\/ministere2\/2013\/08\/18\/samson-peut-on-faner-la-ou-dieu-nous-a-semes\/\"},\"wordCount\":40,\"commentCount\":0,\"publisher\":{\"@id\":\"https:\/\/fpmaam.org\/ministere2\/#organization\"},\"inLanguage\":\"fr-FR\",\"potentialAction\":[{\"@type\":\"CommentAction\",\"name\":\"Comment\",\"target\":[\"https:\/\/fpmaam.org\/ministere2\/2013\/08\/18\/samson-peut-on-faner-la-ou-dieu-nous-a-semes\/#respond\"]}]},{\"@type\":\"WebPage\",\"@id\":\"https:\/\/fpmaam.org\/ministere2\/2013\/08\/18\/samson-peut-on-faner-la-ou-dieu-nous-a-semes\/\",\"url\":\"https:\/\/fpmaam.org\/ministere2\/2013\/08\/18\/samson-peut-on-faner-la-ou-dieu-nous-a-semes\/\",\"name\":\"Samson : peut-on faner l\u00e0 o\u00f9 Dieu nous a sem\u00e9s ? - FPMA Aix Marseille - EGLISE PROTESTANTE MALGACHE EN FRANCE\",\"isPartOf\":{\"@id\":\"https:\/\/fpmaam.org\/ministere2\/#website\"},\"datePublished\":\"2013-08-18T16:52:39+00:00\",\"dateModified\":\"2015-05-03T19:03:15+00:00\",\"breadcrumb\":{\"@id\":\"https:\/\/fpmaam.org\/ministere2\/2013\/08\/18\/samson-peut-on-faner-la-ou-dieu-nous-a-semes\/#breadcrumb\"},\"inLanguage\":\"fr-FR\",\"potentialAction\":[{\"@type\":\"ReadAction\",\"target\":[\"https:\/\/fpmaam.org\/ministere2\/2013\/08\/18\/samson-peut-on-faner-la-ou-dieu-nous-a-semes\/\"]}]},{\"@type\":\"BreadcrumbList\",\"@id\":\"https:\/\/fpmaam.org\/ministere2\/2013\/08\/18\/samson-peut-on-faner-la-ou-dieu-nous-a-semes\/#breadcrumb\",\"itemListElement\":[{\"@type\":\"ListItem\",\"position\":1,\"name\":\"Accueil\",\"item\":\"https:\/\/fpmaam.org\/ministere2\/\"},{\"@type\":\"ListItem\",\"position\":2,\"name\":\"Samson : peut-on faner l\u00e0 o\u00f9 Dieu nous a sem\u00e9s ?\"}]},{\"@type\":\"WebSite\",\"@id\":\"https:\/\/fpmaam.org\/ministere2\/#website\",\"url\":\"https:\/\/fpmaam.org\/ministere2\/\",\"name\":\"FPMA Aix Marseille - EGLISE PROTESTANTE MALGACHE EN FRANCE\",\"description\":\"\",\"publisher\":{\"@id\":\"https:\/\/fpmaam.org\/ministere2\/#organization\"},\"potentialAction\":[{\"@type\":\"SearchAction\",\"target\":{\"@type\":\"EntryPoint\",\"urlTemplate\":\"https:\/\/fpmaam.org\/ministere2\/?s={search_term_string}\"},\"query-input\":{\"@type\":\"PropertyValueSpecification\",\"valueRequired\":true,\"valueName\":\"search_term_string\"}}],\"inLanguage\":\"fr-FR\"},{\"@type\":\"Organization\",\"@id\":\"https:\/\/fpmaam.org\/ministere2\/#organization\",\"name\":\"FPMA Aix Marseille - EGLISE PROTESTANTE MALGACHE EN FRANCE\",\"url\":\"https:\/\/fpmaam.org\/ministere2\/\",\"logo\":{\"@type\":\"ImageObject\",\"inLanguage\":\"fr-FR\",\"@id\":\"https:\/\/fpmaam.org\/ministere2\/#\/schema\/logo\/image\/\",\"url\":\"https:\/\/fpmaam.org\/ministere2\/wp-content\/uploads\/2025\/03\/cropped-fpmaam_logo.png\",\"contentUrl\":\"https:\/\/fpmaam.org\/ministere2\/wp-content\/uploads\/2025\/03\/cropped-fpmaam_logo.png\",\"width\":240,\"height\":240,\"caption\":\"FPMA Aix Marseille - EGLISE PROTESTANTE MALGACHE EN FRANCE\"},\"image\":{\"@id\":\"https:\/\/fpmaam.org\/ministere2\/#\/schema\/logo\/image\/\"}},{\"@type\":\"Person\",\"@id\":\"https:\/\/fpmaam.org\/ministere2\/#\/schema\/person\/ff56433fcd98f0093229506e2c1cfd58\",\"name\":\"president\",\"image\":{\"@type\":\"ImageObject\",\"inLanguage\":\"fr-FR\",\"@id\":\"https:\/\/fpmaam.org\/ministere2\/#\/schema\/person\/image\/\",\"url\":\"https:\/\/secure.gravatar.com\/avatar\/334ab7435658a8ecc66527fd509ef3f5?s=96&d=mm&r=g\",\"contentUrl\":\"https:\/\/secure.gravatar.com\/avatar\/334ab7435658a8ecc66527fd509ef3f5?s=96&d=mm&r=g\",\"caption\":\"president\"},\"url\":\"https:\/\/fpmaam.org\/ministere2\/author\/president\/\"}]}<\/script>\n<!-- \/ Yoast SEO plugin. -->","yoast_head_json":{"title":"Samson : peut-on faner l\u00e0 o\u00f9 Dieu nous a sem\u00e9s ? - FPMA Aix Marseille - EGLISE PROTESTANTE MALGACHE EN FRANCE","robots":{"index":"index","follow":"follow","max-snippet":"max-snippet:-1","max-image-preview":"max-image-preview:large","max-video-preview":"max-video-preview:-1"},"canonical":"https:\/\/fpmaam.org\/ministere2\/2013\/08\/18\/samson-peut-on-faner-la-ou-dieu-nous-a-semes\/","og_locale":"fr_FR","og_type":"article","og_title":"Samson : peut-on faner l\u00e0 o\u00f9 Dieu nous a sem\u00e9s ? - FPMA Aix Marseille - EGLISE PROTESTANTE MALGACHE EN FRANCE","og_description":"Lire l&rsquo;histoire de Samson dans Juges 14, Juges 15, Juges 15 Retraite FPMA Aix Marseille 15 et 16 septembre 2012 Texte retranscrit du message audio par le SVK disponible en pdf. Peut-on faner &#8211; retraite FPMAAM","og_url":"https:\/\/fpmaam.org\/ministere2\/2013\/08\/18\/samson-peut-on-faner-la-ou-dieu-nous-a-semes\/","og_site_name":"FPMA Aix Marseille - EGLISE PROTESTANTE MALGACHE EN FRANCE","article_published_time":"2013-08-18T16:52:39+00:00","article_modified_time":"2015-05-03T19:03:15+00:00","author":"president","twitter_card":"summary_large_image","twitter_misc":{"\u00c9crit par":"president"},"schema":{"@context":"https:\/\/schema.org","@graph":[{"@type":"Article","@id":"https:\/\/fpmaam.org\/ministere2\/2013\/08\/18\/samson-peut-on-faner-la-ou-dieu-nous-a-semes\/#article","isPartOf":{"@id":"https:\/\/fpmaam.org\/ministere2\/2013\/08\/18\/samson-peut-on-faner-la-ou-dieu-nous-a-semes\/"},"author":{"name":"president","@id":"https:\/\/fpmaam.org\/ministere2\/#\/schema\/person\/ff56433fcd98f0093229506e2c1cfd58"},"headline":"Samson : peut-on faner l\u00e0 o\u00f9 Dieu nous a sem\u00e9s ?","datePublished":"2013-08-18T16:52:39+00:00","dateModified":"2015-05-03T19:03:15+00:00","mainEntityOfPage":{"@id":"https:\/\/fpmaam.org\/ministere2\/2013\/08\/18\/samson-peut-on-faner-la-ou-dieu-nous-a-semes\/"},"wordCount":40,"commentCount":0,"publisher":{"@id":"https:\/\/fpmaam.org\/ministere2\/#organization"},"inLanguage":"fr-FR","potentialAction":[{"@type":"CommentAction","name":"Comment","target":["https:\/\/fpmaam.org\/ministere2\/2013\/08\/18\/samson-peut-on-faner-la-ou-dieu-nous-a-semes\/#respond"]}]},{"@type":"WebPage","@id":"https:\/\/fpmaam.org\/ministere2\/2013\/08\/18\/samson-peut-on-faner-la-ou-dieu-nous-a-semes\/","url":"https:\/\/fpmaam.org\/ministere2\/2013\/08\/18\/samson-peut-on-faner-la-ou-dieu-nous-a-semes\/","name":"Samson : peut-on faner l\u00e0 o\u00f9 Dieu nous a sem\u00e9s ? - FPMA Aix Marseille - EGLISE PROTESTANTE MALGACHE EN FRANCE","isPartOf":{"@id":"https:\/\/fpmaam.org\/ministere2\/#website"},"datePublished":"2013-08-18T16:52:39+00:00","dateModified":"2015-05-03T19:03:15+00:00","breadcrumb":{"@id":"https:\/\/fpmaam.org\/ministere2\/2013\/08\/18\/samson-peut-on-faner-la-ou-dieu-nous-a-semes\/#breadcrumb"},"inLanguage":"fr-FR","potentialAction":[{"@type":"ReadAction","target":["https:\/\/fpmaam.org\/ministere2\/2013\/08\/18\/samson-peut-on-faner-la-ou-dieu-nous-a-semes\/"]}]},{"@type":"BreadcrumbList","@id":"https:\/\/fpmaam.org\/ministere2\/2013\/08\/18\/samson-peut-on-faner-la-ou-dieu-nous-a-semes\/#breadcrumb","itemListElement":[{"@type":"ListItem","position":1,"name":"Accueil","item":"https:\/\/fpmaam.org\/ministere2\/"},{"@type":"ListItem","position":2,"name":"Samson : peut-on faner l\u00e0 o\u00f9 Dieu nous a sem\u00e9s ?"}]},{"@type":"WebSite","@id":"https:\/\/fpmaam.org\/ministere2\/#website","url":"https:\/\/fpmaam.org\/ministere2\/","name":"FPMA Aix Marseille - EGLISE PROTESTANTE MALGACHE EN FRANCE","description":"","publisher":{"@id":"https:\/\/fpmaam.org\/ministere2\/#organization"},"potentialAction":[{"@type":"SearchAction","target":{"@type":"EntryPoint","urlTemplate":"https:\/\/fpmaam.org\/ministere2\/?s={search_term_string}"},"query-input":{"@type":"PropertyValueSpecification","valueRequired":true,"valueName":"search_term_string"}}],"inLanguage":"fr-FR"},{"@type":"Organization","@id":"https:\/\/fpmaam.org\/ministere2\/#organization","name":"FPMA Aix Marseille - EGLISE PROTESTANTE MALGACHE EN FRANCE","url":"https:\/\/fpmaam.org\/ministere2\/","logo":{"@type":"ImageObject","inLanguage":"fr-FR","@id":"https:\/\/fpmaam.org\/ministere2\/#\/schema\/logo\/image\/","url":"https:\/\/fpmaam.org\/ministere2\/wp-content\/uploads\/2025\/03\/cropped-fpmaam_logo.png","contentUrl":"https:\/\/fpmaam.org\/ministere2\/wp-content\/uploads\/2025\/03\/cropped-fpmaam_logo.png","width":240,"height":240,"caption":"FPMA Aix Marseille - EGLISE PROTESTANTE MALGACHE EN FRANCE"},"image":{"@id":"https:\/\/fpmaam.org\/ministere2\/#\/schema\/logo\/image\/"}},{"@type":"Person","@id":"https:\/\/fpmaam.org\/ministere2\/#\/schema\/person\/ff56433fcd98f0093229506e2c1cfd58","name":"president","image":{"@type":"ImageObject","inLanguage":"fr-FR","@id":"https:\/\/fpmaam.org\/ministere2\/#\/schema\/person\/image\/","url":"https:\/\/secure.gravatar.com\/avatar\/334ab7435658a8ecc66527fd509ef3f5?s=96&d=mm&r=g","contentUrl":"https:\/\/secure.gravatar.com\/avatar\/334ab7435658a8ecc66527fd509ef3f5?s=96&d=mm&r=g","caption":"president"},"url":"https:\/\/fpmaam.org\/ministere2\/author\/president\/"}]}},"_links":{"self":[{"href":"https:\/\/fpmaam.org\/ministere2\/wp-json\/wp\/v2\/posts\/1796","targetHints":{"allow":["GET"]}}],"collection":[{"href":"https:\/\/fpmaam.org\/ministere2\/wp-json\/wp\/v2\/posts"}],"about":[{"href":"https:\/\/fpmaam.org\/ministere2\/wp-json\/wp\/v2\/types\/post"}],"author":[{"embeddable":true,"href":"https:\/\/fpmaam.org\/ministere2\/wp-json\/wp\/v2\/users\/2"}],"replies":[{"embeddable":true,"href":"https:\/\/fpmaam.org\/ministere2\/wp-json\/wp\/v2\/comments?post=1796"}],"version-history":[{"count":1,"href":"https:\/\/fpmaam.org\/ministere2\/wp-json\/wp\/v2\/posts\/1796\/revisions"}],"predecessor-version":[{"id":1798,"href":"https:\/\/fpmaam.org\/ministere2\/wp-json\/wp\/v2\/posts\/1796\/revisions\/1798"}],"wp:attachment":[{"href":"https:\/\/fpmaam.org\/ministere2\/wp-json\/wp\/v2\/media?parent=1796"}],"wp:term":[{"taxonomy":"category","embeddable":true,"href":"https:\/\/fpmaam.org\/ministere2\/wp-json\/wp\/v2\/categories?post=1796"},{"taxonomy":"post_tag","embeddable":true,"href":"https:\/\/fpmaam.org\/ministere2\/wp-json\/wp\/v2\/tags?post=1796"}],"curies":[{"name":"wp","href":"https:\/\/api.w.org\/{rel}","templated":true}]}}