{"id":1924,"date":"2013-12-27T11:16:08","date_gmt":"2013-12-27T11:16:08","guid":{"rendered":"https:\/\/fpmaam.org\/ministere\/?p=1924"},"modified":"2015-05-03T19:02:47","modified_gmt":"2015-05-03T19:02:47","slug":"ou-est-le-roi-des-juifs-qui-vient-de-naitre","status":"publish","type":"post","link":"https:\/\/fpmaam.org\/ministere2\/2013\/12\/27\/ou-est-le-roi-des-juifs-qui-vient-de-naitre\/","title":{"rendered":"O\u00f9 est le roi des Juifs qui vient de na\u00eetre? &#8211; audio"},"content":{"rendered":"<p><a href=\"https:\/\/fpmaam.org\/ministere\/wp-content\/uploads\/2013\/12\/lumiere.jpg\"><img loading=\"lazy\" decoding=\"async\" class=\"alignleft size-full wp-image-1921\" alt=\"lumiere\" src=\"https:\/\/fpmaam.org\/ministere\/wp-content\/uploads\/2013\/12\/lumiere.jpg\" width=\"130\" height=\"143\" \/><\/a>\u00ab O\u00f9 est le roi des Juifs qui vient de na\u00eetre? car nous avons vu son \u00e9toile en Orient, et nous sommes venus pour l\u2019adorer. \u00bb<\/p>\n<p>(Mat 2 \/ 2)<\/p>\n<p>&nbsp;<\/p>\n<p>Lectures<\/p>\n<p>Mich\u00e9e 5. 1 &#8211; 5<\/p>\n<p>Matthieu 2. 1 &#8211; 12<\/p>\n<!--[if lt IE 9]><script>document.createElement('audio');<\/script><![endif]-->\n<audio class=\"wp-audio-shortcode\" id=\"audio-1924-1\" preload=\"none\" style=\"width: 100%;\" controls=\"controls\"><source type=\"audio\/mpeg\" src=\"https:\/\/fpmaam.org\/ministere\/podcast\/media\/2013-12-27_ou_est_l_enfant.mp3?_=1\" \/><a href=\"https:\/\/fpmaam.org\/ministere\/podcast\/media\/2013-12-27_ou_est_l_enfant.mp3\">https:\/\/fpmaam.org\/ministere\/podcast\/media\/2013-12-27_ou_est_l_enfant.mp3<\/a><\/audio>\n","protected":false},"excerpt":{"rendered":"<p>\u00ab O\u00f9 est le roi des Juifs qui vient de na\u00eetre? car nous avons vu son \u00e9toile en Orient, et nous sommes venus pour l\u2019adorer. \u00bb (Mat 2 \/ 2) &nbsp; Lectures Mich\u00e9e 5. 1 &#8211; 5 Matthieu 2. 1 &#8211; 12<\/p>\n","protected":false},"author":2,"featured_media":0,"comment_status":"open","ping_status":"open","sticky":false,"template":"","format":"standard","meta":{"footnotes":""},"categories":[],"tags":[],"class_list":["post-1924","post","type-post","status-publish","format-standard","hentry"],"yoast_head":"<!-- This site is optimized with the Yoast SEO plugin v26.8 - https:\/\/yoast.com\/product\/yoast-seo-wordpress\/ -->\n<title>O\u00f9 est le roi des Juifs qui vient de na\u00eetre? - audio - FPMA Aix Marseille - EGLISE PROTESTANTE MALGACHE EN FRANCE<\/title>\n<meta name=\"robots\" content=\"index, follow, max-snippet:-1, max-image-preview:large, max-video-preview:-1\" \/>\n<link rel=\"canonical\" href=\"https:\/\/fpmaam.org\/ministere2\/2013\/12\/27\/ou-est-le-roi-des-juifs-qui-vient-de-naitre\/\" \/>\n<meta property=\"og:locale\" content=\"fr_FR\" \/>\n<meta property=\"og:type\" content=\"article\" \/>\n<meta property=\"og:title\" content=\"O\u00f9 est le roi des Juifs qui vient de na\u00eetre? - audio - FPMA Aix Marseille - EGLISE PROTESTANTE MALGACHE EN FRANCE\" \/>\n<meta property=\"og:description\" content=\"\u00ab O\u00f9 est le roi des Juifs qui vient de na\u00eetre? car nous avons vu son \u00e9toile en Orient, et nous sommes venus pour l\u2019adorer. \u00bb (Mat 2 \/ 2) &nbsp; Lectures Mich\u00e9e 5. 1 &#8211; 5 Matthieu 2. 1 &#8211; 12\" \/>\n<meta property=\"og:url\" content=\"https:\/\/fpmaam.org\/ministere2\/2013\/12\/27\/ou-est-le-roi-des-juifs-qui-vient-de-naitre\/\" \/>\n<meta property=\"og:site_name\" content=\"FPMA Aix Marseille - EGLISE PROTESTANTE MALGACHE EN FRANCE\" \/>\n<meta property=\"article:published_time\" content=\"2013-12-27T11:16:08+00:00\" \/>\n<meta property=\"article:modified_time\" content=\"2015-05-03T19:02:47+00:00\" \/>\n<meta property=\"og:image\" content=\"https:\/\/fpmaam.org\/ministere\/wp-content\/uploads\/2013\/12\/lumiere.jpg\" \/>\n<meta name=\"author\" content=\"president\" \/>\n<meta name=\"twitter:card\" content=\"summary_large_image\" \/>\n<meta name=\"twitter:label1\" content=\"\u00c9crit par\" \/>\n\t<meta name=\"twitter:data1\" content=\"president\" \/>\n<script type=\"application\/ld+json\" class=\"yoast-schema-graph\">{\"@context\":\"https:\/\/schema.org\",\"@graph\":[{\"@type\":\"Article\",\"@id\":\"https:\/\/fpmaam.org\/ministere2\/2013\/12\/27\/ou-est-le-roi-des-juifs-qui-vient-de-naitre\/#article\",\"isPartOf\":{\"@id\":\"https:\/\/fpmaam.org\/ministere2\/2013\/12\/27\/ou-est-le-roi-des-juifs-qui-vient-de-naitre\/\"},\"author\":{\"name\":\"president\",\"@id\":\"https:\/\/fpmaam.org\/ministere2\/#\/schema\/person\/ff56433fcd98f0093229506e2c1cfd58\"},\"headline\":\"O\u00f9 est le roi des Juifs qui vient de na\u00eetre? &#8211; audio\",\"datePublished\":\"2013-12-27T11:16:08+00:00\",\"dateModified\":\"2015-05-03T19:02:47+00:00\",\"mainEntityOfPage\":{\"@id\":\"https:\/\/fpmaam.org\/ministere2\/2013\/12\/27\/ou-est-le-roi-des-juifs-qui-vient-de-naitre\/\"},\"wordCount\":63,\"commentCount\":0,\"publisher\":{\"@id\":\"https:\/\/fpmaam.org\/ministere2\/#organization\"},\"image\":{\"@id\":\"https:\/\/fpmaam.org\/ministere2\/2013\/12\/27\/ou-est-le-roi-des-juifs-qui-vient-de-naitre\/#primaryimage\"},\"thumbnailUrl\":\"https:\/\/fpmaam.org\/ministere\/wp-content\/uploads\/2013\/12\/lumiere.jpg\",\"inLanguage\":\"fr-FR\",\"potentialAction\":[{\"@type\":\"CommentAction\",\"name\":\"Comment\",\"target\":[\"https:\/\/fpmaam.org\/ministere2\/2013\/12\/27\/ou-est-le-roi-des-juifs-qui-vient-de-naitre\/#respond\"]}]},{\"@type\":\"WebPage\",\"@id\":\"https:\/\/fpmaam.org\/ministere2\/2013\/12\/27\/ou-est-le-roi-des-juifs-qui-vient-de-naitre\/\",\"url\":\"https:\/\/fpmaam.org\/ministere2\/2013\/12\/27\/ou-est-le-roi-des-juifs-qui-vient-de-naitre\/\",\"name\":\"O\u00f9 est le roi des Juifs qui vient de na\u00eetre? - audio - FPMA Aix Marseille - EGLISE PROTESTANTE MALGACHE EN FRANCE\",\"isPartOf\":{\"@id\":\"https:\/\/fpmaam.org\/ministere2\/#website\"},\"primaryImageOfPage\":{\"@id\":\"https:\/\/fpmaam.org\/ministere2\/2013\/12\/27\/ou-est-le-roi-des-juifs-qui-vient-de-naitre\/#primaryimage\"},\"image\":{\"@id\":\"https:\/\/fpmaam.org\/ministere2\/2013\/12\/27\/ou-est-le-roi-des-juifs-qui-vient-de-naitre\/#primaryimage\"},\"thumbnailUrl\":\"https:\/\/fpmaam.org\/ministere\/wp-content\/uploads\/2013\/12\/lumiere.jpg\",\"datePublished\":\"2013-12-27T11:16:08+00:00\",\"dateModified\":\"2015-05-03T19:02:47+00:00\",\"breadcrumb\":{\"@id\":\"https:\/\/fpmaam.org\/ministere2\/2013\/12\/27\/ou-est-le-roi-des-juifs-qui-vient-de-naitre\/#breadcrumb\"},\"inLanguage\":\"fr-FR\",\"potentialAction\":[{\"@type\":\"ReadAction\",\"target\":[\"https:\/\/fpmaam.org\/ministere2\/2013\/12\/27\/ou-est-le-roi-des-juifs-qui-vient-de-naitre\/\"]}]},{\"@type\":\"ImageObject\",\"inLanguage\":\"fr-FR\",\"@id\":\"https:\/\/fpmaam.org\/ministere2\/2013\/12\/27\/ou-est-le-roi-des-juifs-qui-vient-de-naitre\/#primaryimage\",\"url\":\"https:\/\/fpmaam.org\/ministere\/wp-content\/uploads\/2013\/12\/lumiere.jpg\",\"contentUrl\":\"https:\/\/fpmaam.org\/ministere\/wp-content\/uploads\/2013\/12\/lumiere.jpg\"},{\"@type\":\"BreadcrumbList\",\"@id\":\"https:\/\/fpmaam.org\/ministere2\/2013\/12\/27\/ou-est-le-roi-des-juifs-qui-vient-de-naitre\/#breadcrumb\",\"itemListElement\":[{\"@type\":\"ListItem\",\"position\":1,\"name\":\"Accueil\",\"item\":\"https:\/\/fpmaam.org\/ministere2\/\"},{\"@type\":\"ListItem\",\"position\":2,\"name\":\"O\u00f9 est le roi des Juifs qui vient de na\u00eetre? &#8211; audio\"}]},{\"@type\":\"WebSite\",\"@id\":\"https:\/\/fpmaam.org\/ministere2\/#website\",\"url\":\"https:\/\/fpmaam.org\/ministere2\/\",\"name\":\"FPMA Aix Marseille - EGLISE PROTESTANTE MALGACHE EN FRANCE\",\"description\":\"\",\"publisher\":{\"@id\":\"https:\/\/fpmaam.org\/ministere2\/#organization\"},\"potentialAction\":[{\"@type\":\"SearchAction\",\"target\":{\"@type\":\"EntryPoint\",\"urlTemplate\":\"https:\/\/fpmaam.org\/ministere2\/?s={search_term_string}\"},\"query-input\":{\"@type\":\"PropertyValueSpecification\",\"valueRequired\":true,\"valueName\":\"search_term_string\"}}],\"inLanguage\":\"fr-FR\"},{\"@type\":\"Organization\",\"@id\":\"https:\/\/fpmaam.org\/ministere2\/#organization\",\"name\":\"FPMA Aix Marseille - EGLISE PROTESTANTE MALGACHE EN FRANCE\",\"url\":\"https:\/\/fpmaam.org\/ministere2\/\",\"logo\":{\"@type\":\"ImageObject\",\"inLanguage\":\"fr-FR\",\"@id\":\"https:\/\/fpmaam.org\/ministere2\/#\/schema\/logo\/image\/\",\"url\":\"https:\/\/fpmaam.org\/ministere2\/wp-content\/uploads\/2025\/03\/cropped-fpmaam_logo.png\",\"contentUrl\":\"https:\/\/fpmaam.org\/ministere2\/wp-content\/uploads\/2025\/03\/cropped-fpmaam_logo.png\",\"width\":240,\"height\":240,\"caption\":\"FPMA Aix Marseille - EGLISE PROTESTANTE MALGACHE EN FRANCE\"},\"image\":{\"@id\":\"https:\/\/fpmaam.org\/ministere2\/#\/schema\/logo\/image\/\"}},{\"@type\":\"Person\",\"@id\":\"https:\/\/fpmaam.org\/ministere2\/#\/schema\/person\/ff56433fcd98f0093229506e2c1cfd58\",\"name\":\"president\",\"image\":{\"@type\":\"ImageObject\",\"inLanguage\":\"fr-FR\",\"@id\":\"https:\/\/fpmaam.org\/ministere2\/#\/schema\/person\/image\/\",\"url\":\"https:\/\/secure.gravatar.com\/avatar\/334ab7435658a8ecc66527fd509ef3f5?s=96&d=mm&r=g\",\"contentUrl\":\"https:\/\/secure.gravatar.com\/avatar\/334ab7435658a8ecc66527fd509ef3f5?s=96&d=mm&r=g\",\"caption\":\"president\"},\"url\":\"https:\/\/fpmaam.org\/ministere2\/author\/president\/\"}]}<\/script>\n<!-- \/ Yoast SEO plugin. -->","yoast_head_json":{"title":"O\u00f9 est le roi des Juifs qui vient de na\u00eetre? - audio - FPMA Aix Marseille - EGLISE PROTESTANTE MALGACHE EN FRANCE","robots":{"index":"index","follow":"follow","max-snippet":"max-snippet:-1","max-image-preview":"max-image-preview:large","max-video-preview":"max-video-preview:-1"},"canonical":"https:\/\/fpmaam.org\/ministere2\/2013\/12\/27\/ou-est-le-roi-des-juifs-qui-vient-de-naitre\/","og_locale":"fr_FR","og_type":"article","og_title":"O\u00f9 est le roi des Juifs qui vient de na\u00eetre? - audio - FPMA Aix Marseille - EGLISE PROTESTANTE MALGACHE EN FRANCE","og_description":"\u00ab O\u00f9 est le roi des Juifs qui vient de na\u00eetre? car nous avons vu son \u00e9toile en Orient, et nous sommes venus pour l\u2019adorer. \u00bb (Mat 2 \/ 2) &nbsp; Lectures Mich\u00e9e 5. 1 &#8211; 5 Matthieu 2. 1 &#8211; 12","og_url":"https:\/\/fpmaam.org\/ministere2\/2013\/12\/27\/ou-est-le-roi-des-juifs-qui-vient-de-naitre\/","og_site_name":"FPMA Aix Marseille - EGLISE PROTESTANTE MALGACHE EN FRANCE","article_published_time":"2013-12-27T11:16:08+00:00","article_modified_time":"2015-05-03T19:02:47+00:00","og_image":[{"url":"https:\/\/fpmaam.org\/ministere\/wp-content\/uploads\/2013\/12\/lumiere.jpg","type":"","width":"","height":""}],"author":"president","twitter_card":"summary_large_image","twitter_misc":{"\u00c9crit par":"president"},"schema":{"@context":"https:\/\/schema.org","@graph":[{"@type":"Article","@id":"https:\/\/fpmaam.org\/ministere2\/2013\/12\/27\/ou-est-le-roi-des-juifs-qui-vient-de-naitre\/#article","isPartOf":{"@id":"https:\/\/fpmaam.org\/ministere2\/2013\/12\/27\/ou-est-le-roi-des-juifs-qui-vient-de-naitre\/"},"author":{"name":"president","@id":"https:\/\/fpmaam.org\/ministere2\/#\/schema\/person\/ff56433fcd98f0093229506e2c1cfd58"},"headline":"O\u00f9 est le roi des Juifs qui vient de na\u00eetre? &#8211; audio","datePublished":"2013-12-27T11:16:08+00:00","dateModified":"2015-05-03T19:02:47+00:00","mainEntityOfPage":{"@id":"https:\/\/fpmaam.org\/ministere2\/2013\/12\/27\/ou-est-le-roi-des-juifs-qui-vient-de-naitre\/"},"wordCount":63,"commentCount":0,"publisher":{"@id":"https:\/\/fpmaam.org\/ministere2\/#organization"},"image":{"@id":"https:\/\/fpmaam.org\/ministere2\/2013\/12\/27\/ou-est-le-roi-des-juifs-qui-vient-de-naitre\/#primaryimage"},"thumbnailUrl":"https:\/\/fpmaam.org\/ministere\/wp-content\/uploads\/2013\/12\/lumiere.jpg","inLanguage":"fr-FR","potentialAction":[{"@type":"CommentAction","name":"Comment","target":["https:\/\/fpmaam.org\/ministere2\/2013\/12\/27\/ou-est-le-roi-des-juifs-qui-vient-de-naitre\/#respond"]}]},{"@type":"WebPage","@id":"https:\/\/fpmaam.org\/ministere2\/2013\/12\/27\/ou-est-le-roi-des-juifs-qui-vient-de-naitre\/","url":"https:\/\/fpmaam.org\/ministere2\/2013\/12\/27\/ou-est-le-roi-des-juifs-qui-vient-de-naitre\/","name":"O\u00f9 est le roi des Juifs qui vient de na\u00eetre? - audio - FPMA Aix Marseille - EGLISE PROTESTANTE MALGACHE EN FRANCE","isPartOf":{"@id":"https:\/\/fpmaam.org\/ministere2\/#website"},"primaryImageOfPage":{"@id":"https:\/\/fpmaam.org\/ministere2\/2013\/12\/27\/ou-est-le-roi-des-juifs-qui-vient-de-naitre\/#primaryimage"},"image":{"@id":"https:\/\/fpmaam.org\/ministere2\/2013\/12\/27\/ou-est-le-roi-des-juifs-qui-vient-de-naitre\/#primaryimage"},"thumbnailUrl":"https:\/\/fpmaam.org\/ministere\/wp-content\/uploads\/2013\/12\/lumiere.jpg","datePublished":"2013-12-27T11:16:08+00:00","dateModified":"2015-05-03T19:02:47+00:00","breadcrumb":{"@id":"https:\/\/fpmaam.org\/ministere2\/2013\/12\/27\/ou-est-le-roi-des-juifs-qui-vient-de-naitre\/#breadcrumb"},"inLanguage":"fr-FR","potentialAction":[{"@type":"ReadAction","target":["https:\/\/fpmaam.org\/ministere2\/2013\/12\/27\/ou-est-le-roi-des-juifs-qui-vient-de-naitre\/"]}]},{"@type":"ImageObject","inLanguage":"fr-FR","@id":"https:\/\/fpmaam.org\/ministere2\/2013\/12\/27\/ou-est-le-roi-des-juifs-qui-vient-de-naitre\/#primaryimage","url":"https:\/\/fpmaam.org\/ministere\/wp-content\/uploads\/2013\/12\/lumiere.jpg","contentUrl":"https:\/\/fpmaam.org\/ministere\/wp-content\/uploads\/2013\/12\/lumiere.jpg"},{"@type":"BreadcrumbList","@id":"https:\/\/fpmaam.org\/ministere2\/2013\/12\/27\/ou-est-le-roi-des-juifs-qui-vient-de-naitre\/#breadcrumb","itemListElement":[{"@type":"ListItem","position":1,"name":"Accueil","item":"https:\/\/fpmaam.org\/ministere2\/"},{"@type":"ListItem","position":2,"name":"O\u00f9 est le roi des Juifs qui vient de na\u00eetre? &#8211; audio"}]},{"@type":"WebSite","@id":"https:\/\/fpmaam.org\/ministere2\/#website","url":"https:\/\/fpmaam.org\/ministere2\/","name":"FPMA Aix Marseille - EGLISE PROTESTANTE MALGACHE EN FRANCE","description":"","publisher":{"@id":"https:\/\/fpmaam.org\/ministere2\/#organization"},"potentialAction":[{"@type":"SearchAction","target":{"@type":"EntryPoint","urlTemplate":"https:\/\/fpmaam.org\/ministere2\/?s={search_term_string}"},"query-input":{"@type":"PropertyValueSpecification","valueRequired":true,"valueName":"search_term_string"}}],"inLanguage":"fr-FR"},{"@type":"Organization","@id":"https:\/\/fpmaam.org\/ministere2\/#organization","name":"FPMA Aix Marseille - EGLISE PROTESTANTE MALGACHE EN FRANCE","url":"https:\/\/fpmaam.org\/ministere2\/","logo":{"@type":"ImageObject","inLanguage":"fr-FR","@id":"https:\/\/fpmaam.org\/ministere2\/#\/schema\/logo\/image\/","url":"https:\/\/fpmaam.org\/ministere2\/wp-content\/uploads\/2025\/03\/cropped-fpmaam_logo.png","contentUrl":"https:\/\/fpmaam.org\/ministere2\/wp-content\/uploads\/2025\/03\/cropped-fpmaam_logo.png","width":240,"height":240,"caption":"FPMA Aix Marseille - EGLISE PROTESTANTE MALGACHE EN FRANCE"},"image":{"@id":"https:\/\/fpmaam.org\/ministere2\/#\/schema\/logo\/image\/"}},{"@type":"Person","@id":"https:\/\/fpmaam.org\/ministere2\/#\/schema\/person\/ff56433fcd98f0093229506e2c1cfd58","name":"president","image":{"@type":"ImageObject","inLanguage":"fr-FR","@id":"https:\/\/fpmaam.org\/ministere2\/#\/schema\/person\/image\/","url":"https:\/\/secure.gravatar.com\/avatar\/334ab7435658a8ecc66527fd509ef3f5?s=96&d=mm&r=g","contentUrl":"https:\/\/secure.gravatar.com\/avatar\/334ab7435658a8ecc66527fd509ef3f5?s=96&d=mm&r=g","caption":"president"},"url":"https:\/\/fpmaam.org\/ministere2\/author\/president\/"}]}},"_links":{"self":[{"href":"https:\/\/fpmaam.org\/ministere2\/wp-json\/wp\/v2\/posts\/1924","targetHints":{"allow":["GET"]}}],"collection":[{"href":"https:\/\/fpmaam.org\/ministere2\/wp-json\/wp\/v2\/posts"}],"about":[{"href":"https:\/\/fpmaam.org\/ministere2\/wp-json\/wp\/v2\/types\/post"}],"author":[{"embeddable":true,"href":"https:\/\/fpmaam.org\/ministere2\/wp-json\/wp\/v2\/users\/2"}],"replies":[{"embeddable":true,"href":"https:\/\/fpmaam.org\/ministere2\/wp-json\/wp\/v2\/comments?post=1924"}],"version-history":[{"count":2,"href":"https:\/\/fpmaam.org\/ministere2\/wp-json\/wp\/v2\/posts\/1924\/revisions"}],"predecessor-version":[{"id":1929,"href":"https:\/\/fpmaam.org\/ministere2\/wp-json\/wp\/v2\/posts\/1924\/revisions\/1929"}],"wp:attachment":[{"href":"https:\/\/fpmaam.org\/ministere2\/wp-json\/wp\/v2\/media?parent=1924"}],"wp:term":[{"taxonomy":"category","embeddable":true,"href":"https:\/\/fpmaam.org\/ministere2\/wp-json\/wp\/v2\/categories?post=1924"},{"taxonomy":"post_tag","embeddable":true,"href":"https:\/\/fpmaam.org\/ministere2\/wp-json\/wp\/v2\/tags?post=1924"}],"curies":[{"name":"wp","href":"https:\/\/api.w.org\/{rel}","templated":true}]}}