{"id":2187,"date":"2014-12-27T22:42:12","date_gmt":"2014-12-27T22:42:12","guid":{"rendered":"https:\/\/fpmaam.org\/ministere\/?p=2187"},"modified":"2015-05-03T18:57:08","modified_gmt":"2015-05-03T18:57:08","slug":"messages-de-lavent-et-de-noel-2014","status":"publish","type":"post","link":"https:\/\/fpmaam.org\/ministere2\/2014\/12\/27\/messages-de-lavent-et-de-noel-2014\/","title":{"rendered":"Messages de l&rsquo;avent et de No\u00ebl 2014"},"content":{"rendered":"<!--[if lt IE 9]><script>document.createElement('audio');<\/script><![endif]-->\n\t<div class=\"wp-playlist wp-audio-playlist wp-playlist-light\">\n\t\t\t<div class=\"wp-playlist-current-item\"><\/div>\n\t\t<audio controls=\"controls\" preload=\"none\" width=\"818\"\n\t\t\t><\/audio>\n\t<div class=\"wp-playlist-next\"><\/div>\n\t<div class=\"wp-playlist-prev\"><\/div>\n\t<noscript>\n\t<ol>\n\t\t<li><a href='https:\/\/fpmaam.org\/ministere\/wp-content\/uploads\/2014\/12\/Avent1-Veillez.mp3'>Avent 1 - Veillez<\/a><\/li><li><a href='https:\/\/fpmaam.org\/ministere\/wp-content\/uploads\/2014\/12\/Avent2.mp3'>Avent 2 - Fa izy kosa hanao batisa anareo amin\u2019ny fanahy masina<\/a><\/li><li><a href='https:\/\/fpmaam.org\/ministere\/wp-content\/uploads\/2014\/12\/Avent3.mp3'>Avent 3 - Une voix dans le d\u00e9sert<\/a><\/li><li><a href='https:\/\/fpmaam.org\/ministere\/wp-content\/uploads\/2014\/12\/Noel.mp3'>Noel - andray sy mino Ilay Teny Fiainana<\/a><\/li>\t<\/ol>\n\t<\/noscript>\n\t<script type=\"application\/json\" class=\"wp-playlist-script\">{\"type\":\"audio\",\"tracklist\":true,\"tracknumbers\":true,\"images\":true,\"artists\":true,\"tracks\":[{\"src\":\"https:\\\/\\\/fpmaam.org\\\/ministere\\\/wp-content\\\/uploads\\\/2014\\\/12\\\/Avent1-Veillez.mp3\",\"type\":\"audio\\\/mpeg\",\"title\":\"Avent 1 - Veillez\",\"caption\":\"\",\"description\":\"\",\"meta\":[],\"image\":{\"src\":\"https:\\\/\\\/fpmaam.org\\\/ministere2\\\/wp-includes\\\/images\\\/media\\\/audio.svg\",\"width\":48,\"height\":64},\"thumb\":{\"src\":\"https:\\\/\\\/fpmaam.org\\\/ministere2\\\/wp-includes\\\/images\\\/media\\\/audio.svg\",\"width\":48,\"height\":64}},{\"src\":\"https:\\\/\\\/fpmaam.org\\\/ministere\\\/wp-content\\\/uploads\\\/2014\\\/12\\\/Avent2.mp3\",\"type\":\"audio\\\/mpeg\",\"title\":\"Avent 2 - Fa izy kosa hanao batisa anareo amin\\u2019ny fanahy masina\",\"caption\":\"\",\"description\":\"<i>Avent2<\\\/i>. Date de sortie&nbsp;: 2014.\",\"meta\":[],\"image\":{\"src\":\"https:\\\/\\\/fpmaam.org\\\/ministere2\\\/wp-includes\\\/images\\\/media\\\/audio.svg\",\"width\":48,\"height\":64},\"thumb\":{\"src\":\"https:\\\/\\\/fpmaam.org\\\/ministere2\\\/wp-includes\\\/images\\\/media\\\/audio.svg\",\"width\":48,\"height\":64}},{\"src\":\"https:\\\/\\\/fpmaam.org\\\/ministere\\\/wp-content\\\/uploads\\\/2014\\\/12\\\/Avent3.mp3\",\"type\":\"audio\\\/mpeg\",\"title\":\"Avent 3 - Une voix dans le d\\u00e9sert\",\"caption\":\"\",\"description\":\"<i>Avent3<\\\/i>. Date de sortie&nbsp;: 2014.\",\"meta\":[],\"image\":{\"src\":\"https:\\\/\\\/fpmaam.org\\\/ministere2\\\/wp-includes\\\/images\\\/media\\\/audio.svg\",\"width\":48,\"height\":64},\"thumb\":{\"src\":\"https:\\\/\\\/fpmaam.org\\\/ministere2\\\/wp-includes\\\/images\\\/media\\\/audio.svg\",\"width\":48,\"height\":64}},{\"src\":\"https:\\\/\\\/fpmaam.org\\\/ministere\\\/wp-content\\\/uploads\\\/2014\\\/12\\\/Noel.mp3\",\"type\":\"audio\\\/mpeg\",\"title\":\"Noel - andray sy mino Ilay Teny Fiainana\",\"caption\":\"\",\"description\":\"<i>Noel<\\\/i>. Date de sortie&nbsp;: 2014.\",\"meta\":[],\"image\":{\"src\":\"https:\\\/\\\/fpmaam.org\\\/ministere2\\\/wp-includes\\\/images\\\/media\\\/audio.svg\",\"width\":48,\"height\":64},\"thumb\":{\"src\":\"https:\\\/\\\/fpmaam.org\\\/ministere2\\\/wp-includes\\\/images\\\/media\\\/audio.svg\",\"width\":48,\"height\":64}}]}<\/script>\n<\/div>\n\t\n<p>1er dimanche de l\u2019avent : Veillez (Marc 13 : 37)<br \/>\nLectures :<br \/>\nEsa\u00efe 64 : 1 &#8211; 6<br \/>\n1 Corinthiens 1 : 3 &#8211; 9<br \/>\nMarc 13 : 33 &#8211; 37<\/p>\n<p>2eme dimanche de l\u2019avent : Lui vous baptisera dans l\u2019esprit saint<br \/>\nFa izy kosa hanao batisa anareo amin\u2019ny fanahy masina<br \/>\nMarc 1 : 8<\/p>\n<p>3eme dimanche de l\u2019avent : Une voix dans le d\u00e9sert<br \/>\nEsa\u00efe 61 : 1 &#8211; 11<br \/>\n1 Thessaloniciens 5 : 16 &#8211; 24<br \/>\nJean 1 : 6 &#8211; 8, 19 &#8211; 28<\/p>\n<p>4eme dimanche de l\u2019avent : Dimanche Sekoly Alahady<br \/>\nPas de pr\u00e9dication.<\/p>\n<p>Noel<br \/>\n\u201cMandray sy mino Ilay Teny Fiainana\u201d<br \/>\nRecevoir et croire la Parole de vie<br \/>\nKanefa izay rehetra nandray Azy ary nino Azy, dia nomeny fahefana ho tonga zanak&rsquo;Andriamanitra<br \/>\nPourtant certains l\u2019ont re\u00e7ue et ils croient en elle. \u00c0 ceux-l\u00e0, la Parole a donn\u00e9 le pouvoir de devenir enfants de Dieu.<br \/>\n(Jean 1 \/ 12)<br \/>\nLectures :<br \/>\nEsaie 52 : 7 &#8211; 10<br \/>\nH\u00e9breux 1 : 1 &#8211; 6<br \/>\nJean 1 : 1 &#8211; 18<\/p>\n","protected":false},"excerpt":{"rendered":"<p>1er dimanche de l\u2019avent : Veillez (Marc 13 : 37) Lectures : Esa\u00efe 64 : 1 &#8211; 6 1 Corinthiens 1 : 3 &#8211; 9 Marc 13 : 33 &#8211; 37 2eme dimanche de l\u2019avent : Lui vous baptisera dans l\u2019esprit saint Fa izy kosa hanao batisa anareo amin\u2019ny fanahy masina Marc 1 : 8 &hellip; <a href=\"https:\/\/fpmaam.org\/ministere2\/2014\/12\/27\/messages-de-lavent-et-de-noel-2014\/\" class=\"more-link\">Continuer la lecture<span class=\"screen-reader-text\"> de &laquo;&nbsp;Messages de l&rsquo;avent et de No\u00ebl 2014&nbsp;&raquo;<\/span><\/a><\/p>\n","protected":false},"author":8,"featured_media":0,"comment_status":"open","ping_status":"open","sticky":false,"template":"","format":"standard","meta":{"footnotes":""},"categories":[],"tags":[],"class_list":["post-2187","post","type-post","status-publish","format-standard","hentry"],"yoast_head":"<!-- This site is optimized with the Yoast SEO plugin v26.8 - https:\/\/yoast.com\/product\/yoast-seo-wordpress\/ -->\n<title>Messages de l&#039;avent et de No\u00ebl 2014 - FPMA Aix Marseille - EGLISE PROTESTANTE MALGACHE EN FRANCE<\/title>\n<meta name=\"robots\" content=\"index, follow, max-snippet:-1, max-image-preview:large, max-video-preview:-1\" \/>\n<link rel=\"canonical\" href=\"https:\/\/fpmaam.org\/ministere2\/2014\/12\/27\/messages-de-lavent-et-de-noel-2014\/\" \/>\n<meta property=\"og:locale\" content=\"fr_FR\" \/>\n<meta property=\"og:type\" content=\"article\" \/>\n<meta property=\"og:title\" content=\"Messages de l&#039;avent et de No\u00ebl 2014 - FPMA Aix Marseille - EGLISE PROTESTANTE MALGACHE EN FRANCE\" \/>\n<meta property=\"og:description\" content=\"1er dimanche de l\u2019avent : Veillez (Marc 13 : 37) Lectures : Esa\u00efe 64 : 1 &#8211; 6 1 Corinthiens 1 : 3 &#8211; 9 Marc 13 : 33 &#8211; 37 2eme dimanche de l\u2019avent : Lui vous baptisera dans l\u2019esprit saint Fa izy kosa hanao batisa anareo amin\u2019ny fanahy masina Marc 1 : 8 &hellip; Continuer la lecture de &laquo;&nbsp;Messages de l&rsquo;avent et de No\u00ebl 2014&nbsp;&raquo;\" \/>\n<meta property=\"og:url\" content=\"https:\/\/fpmaam.org\/ministere2\/2014\/12\/27\/messages-de-lavent-et-de-noel-2014\/\" \/>\n<meta property=\"og:site_name\" content=\"FPMA Aix Marseille - EGLISE PROTESTANTE MALGACHE EN FRANCE\" \/>\n<meta property=\"article:published_time\" content=\"2014-12-27T22:42:12+00:00\" \/>\n<meta property=\"article:modified_time\" content=\"2015-05-03T18:57:08+00:00\" \/>\n<meta name=\"twitter:card\" content=\"summary_large_image\" \/>\n<meta name=\"twitter:label1\" content=\"\u00c9crit par\" \/>\n\t<meta name=\"twitter:data1\" content=\"\" \/>\n\t<meta name=\"twitter:label2\" content=\"Dur\u00e9e de lecture estim\u00e9e\" \/>\n\t<meta name=\"twitter:data2\" content=\"1 minute\" \/>\n<script type=\"application\/ld+json\" class=\"yoast-schema-graph\">{\"@context\":\"https:\/\/schema.org\",\"@graph\":[{\"@type\":\"Article\",\"@id\":\"https:\/\/fpmaam.org\/ministere2\/2014\/12\/27\/messages-de-lavent-et-de-noel-2014\/#article\",\"isPartOf\":{\"@id\":\"https:\/\/fpmaam.org\/ministere2\/2014\/12\/27\/messages-de-lavent-et-de-noel-2014\/\"},\"author\":{\"name\":\"\",\"@id\":\"\"},\"headline\":\"Messages de l&rsquo;avent et de No\u00ebl 2014\",\"datePublished\":\"2014-12-27T22:42:12+00:00\",\"dateModified\":\"2015-05-03T18:57:08+00:00\",\"mainEntityOfPage\":{\"@id\":\"https:\/\/fpmaam.org\/ministere2\/2014\/12\/27\/messages-de-lavent-et-de-noel-2014\/\"},\"wordCount\":138,\"commentCount\":0,\"publisher\":{\"@id\":\"https:\/\/fpmaam.org\/ministere2\/#organization\"},\"inLanguage\":\"fr-FR\",\"potentialAction\":[{\"@type\":\"CommentAction\",\"name\":\"Comment\",\"target\":[\"https:\/\/fpmaam.org\/ministere2\/2014\/12\/27\/messages-de-lavent-et-de-noel-2014\/#respond\"]}]},{\"@type\":\"WebPage\",\"@id\":\"https:\/\/fpmaam.org\/ministere2\/2014\/12\/27\/messages-de-lavent-et-de-noel-2014\/\",\"url\":\"https:\/\/fpmaam.org\/ministere2\/2014\/12\/27\/messages-de-lavent-et-de-noel-2014\/\",\"name\":\"Messages de l'avent et de No\u00ebl 2014 - FPMA Aix Marseille - EGLISE PROTESTANTE MALGACHE EN FRANCE\",\"isPartOf\":{\"@id\":\"https:\/\/fpmaam.org\/ministere2\/#website\"},\"datePublished\":\"2014-12-27T22:42:12+00:00\",\"dateModified\":\"2015-05-03T18:57:08+00:00\",\"breadcrumb\":{\"@id\":\"https:\/\/fpmaam.org\/ministere2\/2014\/12\/27\/messages-de-lavent-et-de-noel-2014\/#breadcrumb\"},\"inLanguage\":\"fr-FR\",\"potentialAction\":[{\"@type\":\"ReadAction\",\"target\":[\"https:\/\/fpmaam.org\/ministere2\/2014\/12\/27\/messages-de-lavent-et-de-noel-2014\/\"]}]},{\"@type\":\"BreadcrumbList\",\"@id\":\"https:\/\/fpmaam.org\/ministere2\/2014\/12\/27\/messages-de-lavent-et-de-noel-2014\/#breadcrumb\",\"itemListElement\":[{\"@type\":\"ListItem\",\"position\":1,\"name\":\"Accueil\",\"item\":\"https:\/\/fpmaam.org\/ministere2\/\"},{\"@type\":\"ListItem\",\"position\":2,\"name\":\"Messages de l&rsquo;avent et de No\u00ebl 2014\"}]},{\"@type\":\"WebSite\",\"@id\":\"https:\/\/fpmaam.org\/ministere2\/#website\",\"url\":\"https:\/\/fpmaam.org\/ministere2\/\",\"name\":\"FPMA Aix Marseille - EGLISE PROTESTANTE MALGACHE EN FRANCE\",\"description\":\"\",\"publisher\":{\"@id\":\"https:\/\/fpmaam.org\/ministere2\/#organization\"},\"potentialAction\":[{\"@type\":\"SearchAction\",\"target\":{\"@type\":\"EntryPoint\",\"urlTemplate\":\"https:\/\/fpmaam.org\/ministere2\/?s={search_term_string}\"},\"query-input\":{\"@type\":\"PropertyValueSpecification\",\"valueRequired\":true,\"valueName\":\"search_term_string\"}}],\"inLanguage\":\"fr-FR\"},{\"@type\":\"Organization\",\"@id\":\"https:\/\/fpmaam.org\/ministere2\/#organization\",\"name\":\"FPMA Aix Marseille - EGLISE PROTESTANTE MALGACHE EN FRANCE\",\"url\":\"https:\/\/fpmaam.org\/ministere2\/\",\"logo\":{\"@type\":\"ImageObject\",\"inLanguage\":\"fr-FR\",\"@id\":\"https:\/\/fpmaam.org\/ministere2\/#\/schema\/logo\/image\/\",\"url\":\"https:\/\/fpmaam.org\/ministere2\/wp-content\/uploads\/2025\/03\/cropped-fpmaam_logo.png\",\"contentUrl\":\"https:\/\/fpmaam.org\/ministere2\/wp-content\/uploads\/2025\/03\/cropped-fpmaam_logo.png\",\"width\":240,\"height\":240,\"caption\":\"FPMA Aix Marseille - EGLISE PROTESTANTE MALGACHE EN FRANCE\"},\"image\":{\"@id\":\"https:\/\/fpmaam.org\/ministere2\/#\/schema\/logo\/image\/\"}},{\"@type\":\"Person\",\"@id\":\"\",\"url\":\"https:\/\/fpmaam.org\/ministere2\/author\/\"}]}<\/script>\n<!-- \/ Yoast SEO plugin. -->","yoast_head_json":{"title":"Messages de l'avent et de No\u00ebl 2014 - FPMA Aix Marseille - EGLISE PROTESTANTE MALGACHE EN FRANCE","robots":{"index":"index","follow":"follow","max-snippet":"max-snippet:-1","max-image-preview":"max-image-preview:large","max-video-preview":"max-video-preview:-1"},"canonical":"https:\/\/fpmaam.org\/ministere2\/2014\/12\/27\/messages-de-lavent-et-de-noel-2014\/","og_locale":"fr_FR","og_type":"article","og_title":"Messages de l'avent et de No\u00ebl 2014 - FPMA Aix Marseille - EGLISE PROTESTANTE MALGACHE EN FRANCE","og_description":"1er dimanche de l\u2019avent : Veillez (Marc 13 : 37) Lectures : Esa\u00efe 64 : 1 &#8211; 6 1 Corinthiens 1 : 3 &#8211; 9 Marc 13 : 33 &#8211; 37 2eme dimanche de l\u2019avent : Lui vous baptisera dans l\u2019esprit saint Fa izy kosa hanao batisa anareo amin\u2019ny fanahy masina Marc 1 : 8 &hellip; Continuer la lecture de &laquo;&nbsp;Messages de l&rsquo;avent et de No\u00ebl 2014&nbsp;&raquo;","og_url":"https:\/\/fpmaam.org\/ministere2\/2014\/12\/27\/messages-de-lavent-et-de-noel-2014\/","og_site_name":"FPMA Aix Marseille - EGLISE PROTESTANTE MALGACHE EN FRANCE","article_published_time":"2014-12-27T22:42:12+00:00","article_modified_time":"2015-05-03T18:57:08+00:00","twitter_card":"summary_large_image","twitter_misc":{"\u00c9crit par":"","Dur\u00e9e de lecture estim\u00e9e":"1 minute"},"schema":{"@context":"https:\/\/schema.org","@graph":[{"@type":"Article","@id":"https:\/\/fpmaam.org\/ministere2\/2014\/12\/27\/messages-de-lavent-et-de-noel-2014\/#article","isPartOf":{"@id":"https:\/\/fpmaam.org\/ministere2\/2014\/12\/27\/messages-de-lavent-et-de-noel-2014\/"},"author":{"name":"","@id":""},"headline":"Messages de l&rsquo;avent et de No\u00ebl 2014","datePublished":"2014-12-27T22:42:12+00:00","dateModified":"2015-05-03T18:57:08+00:00","mainEntityOfPage":{"@id":"https:\/\/fpmaam.org\/ministere2\/2014\/12\/27\/messages-de-lavent-et-de-noel-2014\/"},"wordCount":138,"commentCount":0,"publisher":{"@id":"https:\/\/fpmaam.org\/ministere2\/#organization"},"inLanguage":"fr-FR","potentialAction":[{"@type":"CommentAction","name":"Comment","target":["https:\/\/fpmaam.org\/ministere2\/2014\/12\/27\/messages-de-lavent-et-de-noel-2014\/#respond"]}]},{"@type":"WebPage","@id":"https:\/\/fpmaam.org\/ministere2\/2014\/12\/27\/messages-de-lavent-et-de-noel-2014\/","url":"https:\/\/fpmaam.org\/ministere2\/2014\/12\/27\/messages-de-lavent-et-de-noel-2014\/","name":"Messages de l'avent et de No\u00ebl 2014 - FPMA Aix Marseille - EGLISE PROTESTANTE MALGACHE EN FRANCE","isPartOf":{"@id":"https:\/\/fpmaam.org\/ministere2\/#website"},"datePublished":"2014-12-27T22:42:12+00:00","dateModified":"2015-05-03T18:57:08+00:00","breadcrumb":{"@id":"https:\/\/fpmaam.org\/ministere2\/2014\/12\/27\/messages-de-lavent-et-de-noel-2014\/#breadcrumb"},"inLanguage":"fr-FR","potentialAction":[{"@type":"ReadAction","target":["https:\/\/fpmaam.org\/ministere2\/2014\/12\/27\/messages-de-lavent-et-de-noel-2014\/"]}]},{"@type":"BreadcrumbList","@id":"https:\/\/fpmaam.org\/ministere2\/2014\/12\/27\/messages-de-lavent-et-de-noel-2014\/#breadcrumb","itemListElement":[{"@type":"ListItem","position":1,"name":"Accueil","item":"https:\/\/fpmaam.org\/ministere2\/"},{"@type":"ListItem","position":2,"name":"Messages de l&rsquo;avent et de No\u00ebl 2014"}]},{"@type":"WebSite","@id":"https:\/\/fpmaam.org\/ministere2\/#website","url":"https:\/\/fpmaam.org\/ministere2\/","name":"FPMA Aix Marseille - EGLISE PROTESTANTE MALGACHE EN FRANCE","description":"","publisher":{"@id":"https:\/\/fpmaam.org\/ministere2\/#organization"},"potentialAction":[{"@type":"SearchAction","target":{"@type":"EntryPoint","urlTemplate":"https:\/\/fpmaam.org\/ministere2\/?s={search_term_string}"},"query-input":{"@type":"PropertyValueSpecification","valueRequired":true,"valueName":"search_term_string"}}],"inLanguage":"fr-FR"},{"@type":"Organization","@id":"https:\/\/fpmaam.org\/ministere2\/#organization","name":"FPMA Aix Marseille - EGLISE PROTESTANTE MALGACHE EN FRANCE","url":"https:\/\/fpmaam.org\/ministere2\/","logo":{"@type":"ImageObject","inLanguage":"fr-FR","@id":"https:\/\/fpmaam.org\/ministere2\/#\/schema\/logo\/image\/","url":"https:\/\/fpmaam.org\/ministere2\/wp-content\/uploads\/2025\/03\/cropped-fpmaam_logo.png","contentUrl":"https:\/\/fpmaam.org\/ministere2\/wp-content\/uploads\/2025\/03\/cropped-fpmaam_logo.png","width":240,"height":240,"caption":"FPMA Aix Marseille - EGLISE PROTESTANTE MALGACHE EN FRANCE"},"image":{"@id":"https:\/\/fpmaam.org\/ministere2\/#\/schema\/logo\/image\/"}},{"@type":"Person","@id":"","url":"https:\/\/fpmaam.org\/ministere2\/author\/"}]}},"_links":{"self":[{"href":"https:\/\/fpmaam.org\/ministere2\/wp-json\/wp\/v2\/posts\/2187","targetHints":{"allow":["GET"]}}],"collection":[{"href":"https:\/\/fpmaam.org\/ministere2\/wp-json\/wp\/v2\/posts"}],"about":[{"href":"https:\/\/fpmaam.org\/ministere2\/wp-json\/wp\/v2\/types\/post"}],"author":[{"embeddable":true,"href":"https:\/\/fpmaam.org\/ministere2\/wp-json\/wp\/v2\/users\/8"}],"replies":[{"embeddable":true,"href":"https:\/\/fpmaam.org\/ministere2\/wp-json\/wp\/v2\/comments?post=2187"}],"version-history":[{"count":2,"href":"https:\/\/fpmaam.org\/ministere2\/wp-json\/wp\/v2\/posts\/2187\/revisions"}],"predecessor-version":[{"id":2193,"href":"https:\/\/fpmaam.org\/ministere2\/wp-json\/wp\/v2\/posts\/2187\/revisions\/2193"}],"wp:attachment":[{"href":"https:\/\/fpmaam.org\/ministere2\/wp-json\/wp\/v2\/media?parent=2187"}],"wp:term":[{"taxonomy":"category","embeddable":true,"href":"https:\/\/fpmaam.org\/ministere2\/wp-json\/wp\/v2\/categories?post=2187"},{"taxonomy":"post_tag","embeddable":true,"href":"https:\/\/fpmaam.org\/ministere2\/wp-json\/wp\/v2\/tags?post=2187"}],"curies":[{"name":"wp","href":"https:\/\/api.w.org\/{rel}","templated":true}]}}