{"id":220,"date":"2010-07-27T10:57:57","date_gmt":"2010-07-27T09:57:57","guid":{"rendered":"http:\/\/fpmaaixmarseille.free.fr\/fpmaam\/?p=220"},"modified":"2010-07-27T10:57:57","modified_gmt":"2010-07-27T09:57:57","slug":"flmlwf","status":"publish","type":"post","link":"https:\/\/fpmaam.org\/ministere2\/2010\/07\/27\/flmlwf\/","title":{"rendered":"FLM\/LWF"},"content":{"rendered":"<h1><a href=\"http:\/\/fpmaaixmarseille.free.fr\/fpmaam\/wp-content\/uploads\/24_Younan_01.jpg\"><img loading=\"lazy\" decoding=\"async\" class=\"alignleft size-full wp-image-221\" title=\"24_Younan_01\" src=\"http:\/\/fpmaaixmarseille.free.fr\/fpmaam\/wp-content\/uploads\/24_Younan_01.jpg\" alt=\"\" width=\"160\" height=\"74\" \/><\/a><\/h1>\n<p><span style=\"text-decoration: underline;\"><strong>Munib Younan, \u00e9lu pr\u00e9sident de la FLM<\/strong><\/span><\/p>\n<p>L\u2019\u00e9v\u00eaque, Munib A. Younan, de l\u2019\u00c9glise \u00e9vang\u00e9lique luth\u00e9rienne de Jordanie  et de Terre Sainte va pr\u00e9sider aux destin\u00e9es de la FLM<\/p>\n<p>STUTTGART, Allemagne, 24  juillet 2010 (LWI) \u2013 L\u2019\u00e9v\u00eaque Munib A. Younan de l\u2019\u00c9glise \u00e9vang\u00e9lique  luth\u00e9rienne de Jordanie et de Terre Sainte a \u00e9t\u00e9 \u00e9lu pr\u00e9sident de la F\u00e9d\u00e9ration  luth\u00e9rienne mondiale (FLM).<\/p>\n<p>L\u2019\u00e9lection est intervenue au cours de la  onzi\u00e8me Assembl\u00e9e de la FLM, avec, au moment de l\u2019\u00e9lection, 352 d\u00e9l\u00e9gu\u00e9(e)s des  140 \u00c9glises membres de l\u2019organisation, pr\u00e9sentes dans 79 pays. L\u2019\u00e9v\u00eaque Younan a  \u00e9t\u00e9 \u00e9lu par 300 voix pour, 23 voix contre et 37 abstentions.<\/p>\n<p>Munib  Younan, 59 ans, succ\u00e8de \u00e0 l\u2019\u00e9v\u00eaque Mark S. Hanson de l\u2019\u00c9glise \u00e9vang\u00e9lique  luth\u00e9rienne d\u2019Am\u00e9rique (ELCA) qui \u00e9tait pr\u00e9sident de la FLM depuis la derni\u00e8re  Assembl\u00e9e, \u00e0 Winnipeg, au Canada, en 2003.<\/p>\n<p>Ordonn\u00e9 en 1976 apr\u00e8s avoir  \u00e9tudi\u00e9 en Palestine et obtenu un master de l\u2019Universit\u00e9 de Helsinki (Finlande),  M. Younan a \u00e9t\u00e9 pasteur aupr\u00e8s de la jeunesse et enseignant dans son pays, et de  1976 \u00e0 1979, pasteur de l\u2019\u00c9glise du R\u00e9dempteur \u00e0 J\u00e9rusalem. Il a desservi des  paroisses \u00e0 Beit Jala et \u00e0 Ramallah. Il a \u00e9galement \u00e9tudi\u00e9 \u00e0 l\u2019\u00c9cole luth\u00e9rienne  de th\u00e9ologie de Chicago. Il a re\u00e7u, en 2001, un doctorat honoris causa du  s\u00e9minaire Wartburg (Dubuque, Iowa, USA).<\/p>\n<p>Il est \u00e0 la t\u00eate de son \u00c9glise  depuis 1998 et a \u00e9t\u00e9 le troisi\u00e8me \u00e9v\u00eaque palestinien de l\u2019\u00c9glise fond\u00e9e par des  Allemands au XIXe si\u00e8cle et auparavant dirig\u00e9e par des Allemands. Membre de la  F\u00e9d\u00e9ration luth\u00e9rienne mondiale depuis 1974, l\u2019\u00c9glise \u00e9vang\u00e9lique luth\u00e9rienne de  Jordanie et de Terre Sainte compte environ 3000 membres.<\/p>\n<p>L\u2019\u00e9v\u00eaque Younan  a \u00e9t\u00e9 le premier \u00e0 traduire en arabe la Confession d\u2019Augsbourg \u2013 document cl\u00e9 de  la foi luth\u00e9rienne.<\/p>\n<p>L\u2019\u00e9v\u00eaque Younan \u00e9tait jusqu\u2019\u00e0 ce jour l\u2019un des cinq  vice-pr\u00e9sidents de la FLM. Il est pr\u00e9sident la Communion des \u00c9glises  protestantes du Moyen-Orient et est engag\u00e9 avec trois patriarches de J\u00e9rusalem  et neufs autres \u00e9v\u00eaques au sein du Comit\u00e9 chr\u00e9tien international de  J\u00e9rusalem.<\/p>\n<p>Munib Younan est \u00e9galement co-fondateur du Conseil des  institutions religieuses de Terre Sainte, avec les deux rabbins en chef  d\u2019Isra\u00ebl, les dirigeants des \u00c9glises locales, le Juge supr\u00eame de la Cour  islamique en Palestine et d\u2019autres dirigeants musulmans.<\/p>\n<p>Il est l\u2019auteur  de \u00ab Witnessing for Peace \u00bb \u2013 un livre consacr\u00e9 \u00e0 la recherche de la paix dans  sa terre natale, publi\u00e9 en 2003 \u2013 et de nombreux articles sur les \u00c9glises et la  recherche de la paix en Terre Sainte.<\/p>\n<p>Son \u00e9pouse, Suad Younan, est  directrice de l\u2019\u00e9cole Helen Keller dans la banlieue Beit Hanina de J\u00e9rusalem,  une \u00e9cole pour enfants malvoyants. Elle est \u00e9galement pr\u00e9sidente du Comit\u00e9 des  femmes de l\u2019\u00c9glise \u00e9vang\u00e9lique luth\u00e9rienne de Jordanie et de Terre  Sainte.<\/p>\n<p>Le couple a trois enfants et un petit-fils.<\/p>\n<p>source: http:\/\/www.flm- assemblee. org<\/p>\n","protected":false},"excerpt":{"rendered":"<p>Munib Younan, \u00e9lu pr\u00e9sident de la FLM L\u2019\u00e9v\u00eaque, Munib A. Younan, de l\u2019\u00c9glise \u00e9vang\u00e9lique luth\u00e9rienne de Jordanie et de Terre Sainte va pr\u00e9sider aux destin\u00e9es de la FLM STUTTGART, Allemagne, 24 juillet 2010 (LWI) \u2013 L\u2019\u00e9v\u00eaque Munib A. Younan de l\u2019\u00c9glise \u00e9vang\u00e9lique luth\u00e9rienne de Jordanie et de Terre Sainte a \u00e9t\u00e9 \u00e9lu pr\u00e9sident de la &hellip; <a href=\"https:\/\/fpmaam.org\/ministere2\/2010\/07\/27\/flmlwf\/\" class=\"more-link\">Continuer la lecture<span class=\"screen-reader-text\"> de &laquo;&nbsp;FLM\/LWF&nbsp;&raquo;<\/span><\/a><\/p>\n","protected":false},"author":1,"featured_media":0,"comment_status":"closed","ping_status":"closed","sticky":false,"template":"","format":"standard","meta":{"footnotes":""},"categories":[],"tags":[],"class_list":["post-220","post","type-post","status-publish","format-standard","hentry"],"yoast_head":"<!-- This site is optimized with the Yoast SEO plugin v26.8 - https:\/\/yoast.com\/product\/yoast-seo-wordpress\/ -->\n<title>FLM\/LWF - FPMA Aix Marseille - EGLISE PROTESTANTE MALGACHE EN FRANCE<\/title>\n<meta name=\"robots\" content=\"index, follow, max-snippet:-1, max-image-preview:large, max-video-preview:-1\" \/>\n<link rel=\"canonical\" href=\"https:\/\/fpmaam.org\/ministere2\/2010\/07\/27\/flmlwf\/\" \/>\n<meta property=\"og:locale\" content=\"fr_FR\" \/>\n<meta property=\"og:type\" content=\"article\" \/>\n<meta property=\"og:title\" content=\"FLM\/LWF - FPMA Aix Marseille - EGLISE PROTESTANTE MALGACHE EN FRANCE\" \/>\n<meta property=\"og:description\" content=\"Munib Younan, \u00e9lu pr\u00e9sident de la FLM L\u2019\u00e9v\u00eaque, Munib A. Younan, de l\u2019\u00c9glise \u00e9vang\u00e9lique luth\u00e9rienne de Jordanie et de Terre Sainte va pr\u00e9sider aux destin\u00e9es de la FLM STUTTGART, Allemagne, 24 juillet 2010 (LWI) \u2013 L\u2019\u00e9v\u00eaque Munib A. Younan de l\u2019\u00c9glise \u00e9vang\u00e9lique luth\u00e9rienne de Jordanie et de Terre Sainte a \u00e9t\u00e9 \u00e9lu pr\u00e9sident de la &hellip; Continuer la lecture de &laquo;&nbsp;FLM\/LWF&nbsp;&raquo;\" \/>\n<meta property=\"og:url\" content=\"https:\/\/fpmaam.org\/ministere2\/2010\/07\/27\/flmlwf\/\" \/>\n<meta property=\"og:site_name\" content=\"FPMA Aix Marseille - EGLISE PROTESTANTE MALGACHE EN FRANCE\" \/>\n<meta property=\"article:published_time\" content=\"2010-07-27T09:57:57+00:00\" \/>\n<meta property=\"og:image\" content=\"http:\/\/fpmaaixmarseille.free.fr\/fpmaam\/wp-content\/uploads\/24_Younan_01.jpg\" \/>\n<meta name=\"author\" content=\"admin\" \/>\n<meta name=\"twitter:card\" content=\"summary_large_image\" \/>\n<meta name=\"twitter:label1\" content=\"\u00c9crit par\" \/>\n\t<meta name=\"twitter:data1\" content=\"admin\" \/>\n\t<meta name=\"twitter:label2\" content=\"Dur\u00e9e de lecture estim\u00e9e\" \/>\n\t<meta name=\"twitter:data2\" content=\"3 minutes\" \/>\n<script type=\"application\/ld+json\" class=\"yoast-schema-graph\">{\"@context\":\"https:\/\/schema.org\",\"@graph\":[{\"@type\":\"Article\",\"@id\":\"https:\/\/fpmaam.org\/ministere2\/2010\/07\/27\/flmlwf\/#article\",\"isPartOf\":{\"@id\":\"https:\/\/fpmaam.org\/ministere2\/2010\/07\/27\/flmlwf\/\"},\"author\":{\"name\":\"admin\",\"@id\":\"https:\/\/fpmaam.org\/ministere2\/#\/schema\/person\/2125ca29a0b07a456fd343518df44b67\"},\"headline\":\"FLM\/LWF\",\"datePublished\":\"2010-07-27T09:57:57+00:00\",\"mainEntityOfPage\":{\"@id\":\"https:\/\/fpmaam.org\/ministere2\/2010\/07\/27\/flmlwf\/\"},\"wordCount\":522,\"publisher\":{\"@id\":\"https:\/\/fpmaam.org\/ministere2\/#organization\"},\"image\":{\"@id\":\"https:\/\/fpmaam.org\/ministere2\/2010\/07\/27\/flmlwf\/#primaryimage\"},\"thumbnailUrl\":\"http:\/\/fpmaaixmarseille.free.fr\/fpmaam\/wp-content\/uploads\/24_Younan_01.jpg\",\"inLanguage\":\"fr-FR\"},{\"@type\":\"WebPage\",\"@id\":\"https:\/\/fpmaam.org\/ministere2\/2010\/07\/27\/flmlwf\/\",\"url\":\"https:\/\/fpmaam.org\/ministere2\/2010\/07\/27\/flmlwf\/\",\"name\":\"FLM\/LWF - FPMA Aix Marseille - EGLISE PROTESTANTE MALGACHE EN FRANCE\",\"isPartOf\":{\"@id\":\"https:\/\/fpmaam.org\/ministere2\/#website\"},\"primaryImageOfPage\":{\"@id\":\"https:\/\/fpmaam.org\/ministere2\/2010\/07\/27\/flmlwf\/#primaryimage\"},\"image\":{\"@id\":\"https:\/\/fpmaam.org\/ministere2\/2010\/07\/27\/flmlwf\/#primaryimage\"},\"thumbnailUrl\":\"http:\/\/fpmaaixmarseille.free.fr\/fpmaam\/wp-content\/uploads\/24_Younan_01.jpg\",\"datePublished\":\"2010-07-27T09:57:57+00:00\",\"breadcrumb\":{\"@id\":\"https:\/\/fpmaam.org\/ministere2\/2010\/07\/27\/flmlwf\/#breadcrumb\"},\"inLanguage\":\"fr-FR\",\"potentialAction\":[{\"@type\":\"ReadAction\",\"target\":[\"https:\/\/fpmaam.org\/ministere2\/2010\/07\/27\/flmlwf\/\"]}]},{\"@type\":\"ImageObject\",\"inLanguage\":\"fr-FR\",\"@id\":\"https:\/\/fpmaam.org\/ministere2\/2010\/07\/27\/flmlwf\/#primaryimage\",\"url\":\"http:\/\/fpmaaixmarseille.free.fr\/fpmaam\/wp-content\/uploads\/24_Younan_01.jpg\",\"contentUrl\":\"http:\/\/fpmaaixmarseille.free.fr\/fpmaam\/wp-content\/uploads\/24_Younan_01.jpg\"},{\"@type\":\"BreadcrumbList\",\"@id\":\"https:\/\/fpmaam.org\/ministere2\/2010\/07\/27\/flmlwf\/#breadcrumb\",\"itemListElement\":[{\"@type\":\"ListItem\",\"position\":1,\"name\":\"Accueil\",\"item\":\"https:\/\/fpmaam.org\/ministere2\/\"},{\"@type\":\"ListItem\",\"position\":2,\"name\":\"FLM\/LWF\"}]},{\"@type\":\"WebSite\",\"@id\":\"https:\/\/fpmaam.org\/ministere2\/#website\",\"url\":\"https:\/\/fpmaam.org\/ministere2\/\",\"name\":\"FPMA Aix Marseille - EGLISE PROTESTANTE MALGACHE EN FRANCE\",\"description\":\"\",\"publisher\":{\"@id\":\"https:\/\/fpmaam.org\/ministere2\/#organization\"},\"potentialAction\":[{\"@type\":\"SearchAction\",\"target\":{\"@type\":\"EntryPoint\",\"urlTemplate\":\"https:\/\/fpmaam.org\/ministere2\/?s={search_term_string}\"},\"query-input\":{\"@type\":\"PropertyValueSpecification\",\"valueRequired\":true,\"valueName\":\"search_term_string\"}}],\"inLanguage\":\"fr-FR\"},{\"@type\":\"Organization\",\"@id\":\"https:\/\/fpmaam.org\/ministere2\/#organization\",\"name\":\"FPMA Aix Marseille - EGLISE PROTESTANTE MALGACHE EN FRANCE\",\"url\":\"https:\/\/fpmaam.org\/ministere2\/\",\"logo\":{\"@type\":\"ImageObject\",\"inLanguage\":\"fr-FR\",\"@id\":\"https:\/\/fpmaam.org\/ministere2\/#\/schema\/logo\/image\/\",\"url\":\"https:\/\/fpmaam.org\/ministere2\/wp-content\/uploads\/2025\/03\/cropped-fpmaam_logo.png\",\"contentUrl\":\"https:\/\/fpmaam.org\/ministere2\/wp-content\/uploads\/2025\/03\/cropped-fpmaam_logo.png\",\"width\":240,\"height\":240,\"caption\":\"FPMA Aix Marseille - EGLISE PROTESTANTE MALGACHE EN FRANCE\"},\"image\":{\"@id\":\"https:\/\/fpmaam.org\/ministere2\/#\/schema\/logo\/image\/\"}},{\"@type\":\"Person\",\"@id\":\"https:\/\/fpmaam.org\/ministere2\/#\/schema\/person\/2125ca29a0b07a456fd343518df44b67\",\"name\":\"admin\",\"image\":{\"@type\":\"ImageObject\",\"inLanguage\":\"fr-FR\",\"@id\":\"https:\/\/fpmaam.org\/ministere2\/#\/schema\/person\/image\/\",\"url\":\"https:\/\/secure.gravatar.com\/avatar\/2000cb25cca5da2aef14093492d47a94?s=96&d=mm&r=g\",\"contentUrl\":\"https:\/\/secure.gravatar.com\/avatar\/2000cb25cca5da2aef14093492d47a94?s=96&d=mm&r=g\",\"caption\":\"admin\"},\"url\":\"https:\/\/fpmaam.org\/ministere2\/author\/admin\/\"}]}<\/script>\n<!-- \/ Yoast SEO plugin. -->","yoast_head_json":{"title":"FLM\/LWF - FPMA Aix Marseille - EGLISE PROTESTANTE MALGACHE EN FRANCE","robots":{"index":"index","follow":"follow","max-snippet":"max-snippet:-1","max-image-preview":"max-image-preview:large","max-video-preview":"max-video-preview:-1"},"canonical":"https:\/\/fpmaam.org\/ministere2\/2010\/07\/27\/flmlwf\/","og_locale":"fr_FR","og_type":"article","og_title":"FLM\/LWF - FPMA Aix Marseille - EGLISE PROTESTANTE MALGACHE EN FRANCE","og_description":"Munib Younan, \u00e9lu pr\u00e9sident de la FLM L\u2019\u00e9v\u00eaque, Munib A. Younan, de l\u2019\u00c9glise \u00e9vang\u00e9lique luth\u00e9rienne de Jordanie et de Terre Sainte va pr\u00e9sider aux destin\u00e9es de la FLM STUTTGART, Allemagne, 24 juillet 2010 (LWI) \u2013 L\u2019\u00e9v\u00eaque Munib A. Younan de l\u2019\u00c9glise \u00e9vang\u00e9lique luth\u00e9rienne de Jordanie et de Terre Sainte a \u00e9t\u00e9 \u00e9lu pr\u00e9sident de la &hellip; Continuer la lecture de &laquo;&nbsp;FLM\/LWF&nbsp;&raquo;","og_url":"https:\/\/fpmaam.org\/ministere2\/2010\/07\/27\/flmlwf\/","og_site_name":"FPMA Aix Marseille - EGLISE PROTESTANTE MALGACHE EN FRANCE","article_published_time":"2010-07-27T09:57:57+00:00","og_image":[{"url":"http:\/\/fpmaaixmarseille.free.fr\/fpmaam\/wp-content\/uploads\/24_Younan_01.jpg","type":"","width":"","height":""}],"author":"admin","twitter_card":"summary_large_image","twitter_misc":{"\u00c9crit par":"admin","Dur\u00e9e de lecture estim\u00e9e":"3 minutes"},"schema":{"@context":"https:\/\/schema.org","@graph":[{"@type":"Article","@id":"https:\/\/fpmaam.org\/ministere2\/2010\/07\/27\/flmlwf\/#article","isPartOf":{"@id":"https:\/\/fpmaam.org\/ministere2\/2010\/07\/27\/flmlwf\/"},"author":{"name":"admin","@id":"https:\/\/fpmaam.org\/ministere2\/#\/schema\/person\/2125ca29a0b07a456fd343518df44b67"},"headline":"FLM\/LWF","datePublished":"2010-07-27T09:57:57+00:00","mainEntityOfPage":{"@id":"https:\/\/fpmaam.org\/ministere2\/2010\/07\/27\/flmlwf\/"},"wordCount":522,"publisher":{"@id":"https:\/\/fpmaam.org\/ministere2\/#organization"},"image":{"@id":"https:\/\/fpmaam.org\/ministere2\/2010\/07\/27\/flmlwf\/#primaryimage"},"thumbnailUrl":"http:\/\/fpmaaixmarseille.free.fr\/fpmaam\/wp-content\/uploads\/24_Younan_01.jpg","inLanguage":"fr-FR"},{"@type":"WebPage","@id":"https:\/\/fpmaam.org\/ministere2\/2010\/07\/27\/flmlwf\/","url":"https:\/\/fpmaam.org\/ministere2\/2010\/07\/27\/flmlwf\/","name":"FLM\/LWF - FPMA Aix Marseille - EGLISE PROTESTANTE MALGACHE EN FRANCE","isPartOf":{"@id":"https:\/\/fpmaam.org\/ministere2\/#website"},"primaryImageOfPage":{"@id":"https:\/\/fpmaam.org\/ministere2\/2010\/07\/27\/flmlwf\/#primaryimage"},"image":{"@id":"https:\/\/fpmaam.org\/ministere2\/2010\/07\/27\/flmlwf\/#primaryimage"},"thumbnailUrl":"http:\/\/fpmaaixmarseille.free.fr\/fpmaam\/wp-content\/uploads\/24_Younan_01.jpg","datePublished":"2010-07-27T09:57:57+00:00","breadcrumb":{"@id":"https:\/\/fpmaam.org\/ministere2\/2010\/07\/27\/flmlwf\/#breadcrumb"},"inLanguage":"fr-FR","potentialAction":[{"@type":"ReadAction","target":["https:\/\/fpmaam.org\/ministere2\/2010\/07\/27\/flmlwf\/"]}]},{"@type":"ImageObject","inLanguage":"fr-FR","@id":"https:\/\/fpmaam.org\/ministere2\/2010\/07\/27\/flmlwf\/#primaryimage","url":"http:\/\/fpmaaixmarseille.free.fr\/fpmaam\/wp-content\/uploads\/24_Younan_01.jpg","contentUrl":"http:\/\/fpmaaixmarseille.free.fr\/fpmaam\/wp-content\/uploads\/24_Younan_01.jpg"},{"@type":"BreadcrumbList","@id":"https:\/\/fpmaam.org\/ministere2\/2010\/07\/27\/flmlwf\/#breadcrumb","itemListElement":[{"@type":"ListItem","position":1,"name":"Accueil","item":"https:\/\/fpmaam.org\/ministere2\/"},{"@type":"ListItem","position":2,"name":"FLM\/LWF"}]},{"@type":"WebSite","@id":"https:\/\/fpmaam.org\/ministere2\/#website","url":"https:\/\/fpmaam.org\/ministere2\/","name":"FPMA Aix Marseille - EGLISE PROTESTANTE MALGACHE EN FRANCE","description":"","publisher":{"@id":"https:\/\/fpmaam.org\/ministere2\/#organization"},"potentialAction":[{"@type":"SearchAction","target":{"@type":"EntryPoint","urlTemplate":"https:\/\/fpmaam.org\/ministere2\/?s={search_term_string}"},"query-input":{"@type":"PropertyValueSpecification","valueRequired":true,"valueName":"search_term_string"}}],"inLanguage":"fr-FR"},{"@type":"Organization","@id":"https:\/\/fpmaam.org\/ministere2\/#organization","name":"FPMA Aix Marseille - EGLISE PROTESTANTE MALGACHE EN FRANCE","url":"https:\/\/fpmaam.org\/ministere2\/","logo":{"@type":"ImageObject","inLanguage":"fr-FR","@id":"https:\/\/fpmaam.org\/ministere2\/#\/schema\/logo\/image\/","url":"https:\/\/fpmaam.org\/ministere2\/wp-content\/uploads\/2025\/03\/cropped-fpmaam_logo.png","contentUrl":"https:\/\/fpmaam.org\/ministere2\/wp-content\/uploads\/2025\/03\/cropped-fpmaam_logo.png","width":240,"height":240,"caption":"FPMA Aix Marseille - EGLISE PROTESTANTE MALGACHE EN FRANCE"},"image":{"@id":"https:\/\/fpmaam.org\/ministere2\/#\/schema\/logo\/image\/"}},{"@type":"Person","@id":"https:\/\/fpmaam.org\/ministere2\/#\/schema\/person\/2125ca29a0b07a456fd343518df44b67","name":"admin","image":{"@type":"ImageObject","inLanguage":"fr-FR","@id":"https:\/\/fpmaam.org\/ministere2\/#\/schema\/person\/image\/","url":"https:\/\/secure.gravatar.com\/avatar\/2000cb25cca5da2aef14093492d47a94?s=96&d=mm&r=g","contentUrl":"https:\/\/secure.gravatar.com\/avatar\/2000cb25cca5da2aef14093492d47a94?s=96&d=mm&r=g","caption":"admin"},"url":"https:\/\/fpmaam.org\/ministere2\/author\/admin\/"}]}},"_links":{"self":[{"href":"https:\/\/fpmaam.org\/ministere2\/wp-json\/wp\/v2\/posts\/220","targetHints":{"allow":["GET"]}}],"collection":[{"href":"https:\/\/fpmaam.org\/ministere2\/wp-json\/wp\/v2\/posts"}],"about":[{"href":"https:\/\/fpmaam.org\/ministere2\/wp-json\/wp\/v2\/types\/post"}],"author":[{"embeddable":true,"href":"https:\/\/fpmaam.org\/ministere2\/wp-json\/wp\/v2\/users\/1"}],"replies":[{"embeddable":true,"href":"https:\/\/fpmaam.org\/ministere2\/wp-json\/wp\/v2\/comments?post=220"}],"version-history":[{"count":0,"href":"https:\/\/fpmaam.org\/ministere2\/wp-json\/wp\/v2\/posts\/220\/revisions"}],"wp:attachment":[{"href":"https:\/\/fpmaam.org\/ministere2\/wp-json\/wp\/v2\/media?parent=220"}],"wp:term":[{"taxonomy":"category","embeddable":true,"href":"https:\/\/fpmaam.org\/ministere2\/wp-json\/wp\/v2\/categories?post=220"},{"taxonomy":"post_tag","embeddable":true,"href":"https:\/\/fpmaam.org\/ministere2\/wp-json\/wp\/v2\/tags?post=220"}],"curies":[{"name":"wp","href":"https:\/\/api.w.org\/{rel}","templated":true}]}}