{"id":2231,"date":"2015-03-31T21:38:22","date_gmt":"2015-03-31T21:38:22","guid":{"rendered":"https:\/\/fpmaam.org\/ministere\/?p=2231"},"modified":"2015-05-03T18:57:08","modified_gmt":"2015-05-03T18:57:08","slug":"semaine-sainte","status":"publish","type":"post","link":"https:\/\/fpmaam.org\/ministere2\/2015\/03\/31\/semaine-sainte\/","title":{"rendered":"Semaine sainte"},"content":{"rendered":"<p><span style=\"color: #141823;\">Mardi : culte \u00e0 Grignan 20:30<\/span><br style=\"color: #141823;\" \/><span style=\"color: #141823;\">Mercredi : culte \u00e0 Villars 19:30<\/span><br style=\"color: #141823;\" \/><span style=\"color: #141823;\">Jeudi : culte \u00e0 Grignan 19:30<\/span><br style=\"color: #141823;\" \/><span style=\"color: #141823;\">Vendredi : culte \u00e0 Aix et Marseille horaires \u00e0 venir<\/span><span class=\"text_exposed_show\" style=\"color: #141823;\"><br \/>\nDimanche : culte \u00e0 Grignan \u00e0 15:00<\/span><\/p>\n","protected":false},"excerpt":{"rendered":"<p>Mardi : culte \u00e0 Grignan 20:30Mercredi : culte \u00e0 Villars 19:30Jeudi : culte \u00e0 Grignan 19:30Vendredi : culte \u00e0 Aix et Marseille horaires \u00e0 venir Dimanche : culte \u00e0 Grignan \u00e0 15:00<\/p>\n","protected":false},"author":8,"featured_media":0,"comment_status":"open","ping_status":"open","sticky":false,"template":"","format":"standard","meta":{"footnotes":""},"categories":[],"tags":[],"class_list":["post-2231","post","type-post","status-publish","format-standard","hentry"],"yoast_head":"<!-- This site is optimized with the Yoast SEO plugin v26.8 - https:\/\/yoast.com\/product\/yoast-seo-wordpress\/ -->\n<title>Semaine sainte - FPMA Aix Marseille - EGLISE PROTESTANTE MALGACHE EN FRANCE<\/title>\n<meta name=\"robots\" content=\"index, follow, max-snippet:-1, max-image-preview:large, max-video-preview:-1\" \/>\n<link rel=\"canonical\" href=\"https:\/\/fpmaam.org\/ministere2\/2015\/03\/31\/semaine-sainte\/\" \/>\n<meta property=\"og:locale\" content=\"fr_FR\" \/>\n<meta property=\"og:type\" content=\"article\" \/>\n<meta property=\"og:title\" content=\"Semaine sainte - FPMA Aix Marseille - EGLISE PROTESTANTE MALGACHE EN FRANCE\" \/>\n<meta property=\"og:description\" content=\"Mardi : culte \u00e0 Grignan 20:30Mercredi : culte \u00e0 Villars 19:30Jeudi : culte \u00e0 Grignan 19:30Vendredi : culte \u00e0 Aix et Marseille horaires \u00e0 venir Dimanche : culte \u00e0 Grignan \u00e0 15:00\" \/>\n<meta property=\"og:url\" content=\"https:\/\/fpmaam.org\/ministere2\/2015\/03\/31\/semaine-sainte\/\" \/>\n<meta property=\"og:site_name\" content=\"FPMA Aix Marseille - EGLISE PROTESTANTE MALGACHE EN FRANCE\" \/>\n<meta property=\"article:published_time\" content=\"2015-03-31T21:38:22+00:00\" \/>\n<meta property=\"article:modified_time\" content=\"2015-05-03T18:57:08+00:00\" \/>\n<meta name=\"twitter:card\" content=\"summary_large_image\" \/>\n<meta name=\"twitter:label1\" content=\"\u00c9crit par\" \/>\n\t<meta name=\"twitter:data1\" content=\"\" \/>\n<script type=\"application\/ld+json\" class=\"yoast-schema-graph\">{\"@context\":\"https:\/\/schema.org\",\"@graph\":[{\"@type\":\"Article\",\"@id\":\"https:\/\/fpmaam.org\/ministere2\/2015\/03\/31\/semaine-sainte\/#article\",\"isPartOf\":{\"@id\":\"https:\/\/fpmaam.org\/ministere2\/2015\/03\/31\/semaine-sainte\/\"},\"author\":{\"name\":\"\",\"@id\":\"\"},\"headline\":\"Semaine sainte\",\"datePublished\":\"2015-03-31T21:38:22+00:00\",\"dateModified\":\"2015-05-03T18:57:08+00:00\",\"mainEntityOfPage\":{\"@id\":\"https:\/\/fpmaam.org\/ministere2\/2015\/03\/31\/semaine-sainte\/\"},\"wordCount\":21,\"commentCount\":0,\"publisher\":{\"@id\":\"https:\/\/fpmaam.org\/ministere2\/#organization\"},\"inLanguage\":\"fr-FR\",\"potentialAction\":[{\"@type\":\"CommentAction\",\"name\":\"Comment\",\"target\":[\"https:\/\/fpmaam.org\/ministere2\/2015\/03\/31\/semaine-sainte\/#respond\"]}]},{\"@type\":\"WebPage\",\"@id\":\"https:\/\/fpmaam.org\/ministere2\/2015\/03\/31\/semaine-sainte\/\",\"url\":\"https:\/\/fpmaam.org\/ministere2\/2015\/03\/31\/semaine-sainte\/\",\"name\":\"Semaine sainte - FPMA Aix Marseille - EGLISE PROTESTANTE MALGACHE EN FRANCE\",\"isPartOf\":{\"@id\":\"https:\/\/fpmaam.org\/ministere2\/#website\"},\"datePublished\":\"2015-03-31T21:38:22+00:00\",\"dateModified\":\"2015-05-03T18:57:08+00:00\",\"breadcrumb\":{\"@id\":\"https:\/\/fpmaam.org\/ministere2\/2015\/03\/31\/semaine-sainte\/#breadcrumb\"},\"inLanguage\":\"fr-FR\",\"potentialAction\":[{\"@type\":\"ReadAction\",\"target\":[\"https:\/\/fpmaam.org\/ministere2\/2015\/03\/31\/semaine-sainte\/\"]}]},{\"@type\":\"BreadcrumbList\",\"@id\":\"https:\/\/fpmaam.org\/ministere2\/2015\/03\/31\/semaine-sainte\/#breadcrumb\",\"itemListElement\":[{\"@type\":\"ListItem\",\"position\":1,\"name\":\"Accueil\",\"item\":\"https:\/\/fpmaam.org\/ministere2\/\"},{\"@type\":\"ListItem\",\"position\":2,\"name\":\"Semaine sainte\"}]},{\"@type\":\"WebSite\",\"@id\":\"https:\/\/fpmaam.org\/ministere2\/#website\",\"url\":\"https:\/\/fpmaam.org\/ministere2\/\",\"name\":\"FPMA Aix Marseille - EGLISE PROTESTANTE MALGACHE EN FRANCE\",\"description\":\"\",\"publisher\":{\"@id\":\"https:\/\/fpmaam.org\/ministere2\/#organization\"},\"potentialAction\":[{\"@type\":\"SearchAction\",\"target\":{\"@type\":\"EntryPoint\",\"urlTemplate\":\"https:\/\/fpmaam.org\/ministere2\/?s={search_term_string}\"},\"query-input\":{\"@type\":\"PropertyValueSpecification\",\"valueRequired\":true,\"valueName\":\"search_term_string\"}}],\"inLanguage\":\"fr-FR\"},{\"@type\":\"Organization\",\"@id\":\"https:\/\/fpmaam.org\/ministere2\/#organization\",\"name\":\"FPMA Aix Marseille - EGLISE PROTESTANTE MALGACHE EN FRANCE\",\"url\":\"https:\/\/fpmaam.org\/ministere2\/\",\"logo\":{\"@type\":\"ImageObject\",\"inLanguage\":\"fr-FR\",\"@id\":\"https:\/\/fpmaam.org\/ministere2\/#\/schema\/logo\/image\/\",\"url\":\"https:\/\/fpmaam.org\/ministere2\/wp-content\/uploads\/2025\/03\/cropped-fpmaam_logo.png\",\"contentUrl\":\"https:\/\/fpmaam.org\/ministere2\/wp-content\/uploads\/2025\/03\/cropped-fpmaam_logo.png\",\"width\":240,\"height\":240,\"caption\":\"FPMA Aix Marseille - EGLISE PROTESTANTE MALGACHE EN FRANCE\"},\"image\":{\"@id\":\"https:\/\/fpmaam.org\/ministere2\/#\/schema\/logo\/image\/\"}},{\"@type\":\"Person\",\"@id\":\"\",\"url\":\"https:\/\/fpmaam.org\/ministere2\/author\/\"}]}<\/script>\n<!-- \/ Yoast SEO plugin. -->","yoast_head_json":{"title":"Semaine sainte - FPMA Aix Marseille - EGLISE PROTESTANTE MALGACHE EN FRANCE","robots":{"index":"index","follow":"follow","max-snippet":"max-snippet:-1","max-image-preview":"max-image-preview:large","max-video-preview":"max-video-preview:-1"},"canonical":"https:\/\/fpmaam.org\/ministere2\/2015\/03\/31\/semaine-sainte\/","og_locale":"fr_FR","og_type":"article","og_title":"Semaine sainte - FPMA Aix Marseille - EGLISE PROTESTANTE MALGACHE EN FRANCE","og_description":"Mardi : culte \u00e0 Grignan 20:30Mercredi : culte \u00e0 Villars 19:30Jeudi : culte \u00e0 Grignan 19:30Vendredi : culte \u00e0 Aix et Marseille horaires \u00e0 venir Dimanche : culte \u00e0 Grignan \u00e0 15:00","og_url":"https:\/\/fpmaam.org\/ministere2\/2015\/03\/31\/semaine-sainte\/","og_site_name":"FPMA Aix Marseille - EGLISE PROTESTANTE MALGACHE EN FRANCE","article_published_time":"2015-03-31T21:38:22+00:00","article_modified_time":"2015-05-03T18:57:08+00:00","twitter_card":"summary_large_image","twitter_misc":{"\u00c9crit par":""},"schema":{"@context":"https:\/\/schema.org","@graph":[{"@type":"Article","@id":"https:\/\/fpmaam.org\/ministere2\/2015\/03\/31\/semaine-sainte\/#article","isPartOf":{"@id":"https:\/\/fpmaam.org\/ministere2\/2015\/03\/31\/semaine-sainte\/"},"author":{"name":"","@id":""},"headline":"Semaine sainte","datePublished":"2015-03-31T21:38:22+00:00","dateModified":"2015-05-03T18:57:08+00:00","mainEntityOfPage":{"@id":"https:\/\/fpmaam.org\/ministere2\/2015\/03\/31\/semaine-sainte\/"},"wordCount":21,"commentCount":0,"publisher":{"@id":"https:\/\/fpmaam.org\/ministere2\/#organization"},"inLanguage":"fr-FR","potentialAction":[{"@type":"CommentAction","name":"Comment","target":["https:\/\/fpmaam.org\/ministere2\/2015\/03\/31\/semaine-sainte\/#respond"]}]},{"@type":"WebPage","@id":"https:\/\/fpmaam.org\/ministere2\/2015\/03\/31\/semaine-sainte\/","url":"https:\/\/fpmaam.org\/ministere2\/2015\/03\/31\/semaine-sainte\/","name":"Semaine sainte - FPMA Aix Marseille - EGLISE PROTESTANTE MALGACHE EN FRANCE","isPartOf":{"@id":"https:\/\/fpmaam.org\/ministere2\/#website"},"datePublished":"2015-03-31T21:38:22+00:00","dateModified":"2015-05-03T18:57:08+00:00","breadcrumb":{"@id":"https:\/\/fpmaam.org\/ministere2\/2015\/03\/31\/semaine-sainte\/#breadcrumb"},"inLanguage":"fr-FR","potentialAction":[{"@type":"ReadAction","target":["https:\/\/fpmaam.org\/ministere2\/2015\/03\/31\/semaine-sainte\/"]}]},{"@type":"BreadcrumbList","@id":"https:\/\/fpmaam.org\/ministere2\/2015\/03\/31\/semaine-sainte\/#breadcrumb","itemListElement":[{"@type":"ListItem","position":1,"name":"Accueil","item":"https:\/\/fpmaam.org\/ministere2\/"},{"@type":"ListItem","position":2,"name":"Semaine sainte"}]},{"@type":"WebSite","@id":"https:\/\/fpmaam.org\/ministere2\/#website","url":"https:\/\/fpmaam.org\/ministere2\/","name":"FPMA Aix Marseille - EGLISE PROTESTANTE MALGACHE EN FRANCE","description":"","publisher":{"@id":"https:\/\/fpmaam.org\/ministere2\/#organization"},"potentialAction":[{"@type":"SearchAction","target":{"@type":"EntryPoint","urlTemplate":"https:\/\/fpmaam.org\/ministere2\/?s={search_term_string}"},"query-input":{"@type":"PropertyValueSpecification","valueRequired":true,"valueName":"search_term_string"}}],"inLanguage":"fr-FR"},{"@type":"Organization","@id":"https:\/\/fpmaam.org\/ministere2\/#organization","name":"FPMA Aix Marseille - EGLISE PROTESTANTE MALGACHE EN FRANCE","url":"https:\/\/fpmaam.org\/ministere2\/","logo":{"@type":"ImageObject","inLanguage":"fr-FR","@id":"https:\/\/fpmaam.org\/ministere2\/#\/schema\/logo\/image\/","url":"https:\/\/fpmaam.org\/ministere2\/wp-content\/uploads\/2025\/03\/cropped-fpmaam_logo.png","contentUrl":"https:\/\/fpmaam.org\/ministere2\/wp-content\/uploads\/2025\/03\/cropped-fpmaam_logo.png","width":240,"height":240,"caption":"FPMA Aix Marseille - EGLISE PROTESTANTE MALGACHE EN FRANCE"},"image":{"@id":"https:\/\/fpmaam.org\/ministere2\/#\/schema\/logo\/image\/"}},{"@type":"Person","@id":"","url":"https:\/\/fpmaam.org\/ministere2\/author\/"}]}},"_links":{"self":[{"href":"https:\/\/fpmaam.org\/ministere2\/wp-json\/wp\/v2\/posts\/2231","targetHints":{"allow":["GET"]}}],"collection":[{"href":"https:\/\/fpmaam.org\/ministere2\/wp-json\/wp\/v2\/posts"}],"about":[{"href":"https:\/\/fpmaam.org\/ministere2\/wp-json\/wp\/v2\/types\/post"}],"author":[{"embeddable":true,"href":"https:\/\/fpmaam.org\/ministere2\/wp-json\/wp\/v2\/users\/8"}],"replies":[{"embeddable":true,"href":"https:\/\/fpmaam.org\/ministere2\/wp-json\/wp\/v2\/comments?post=2231"}],"version-history":[{"count":1,"href":"https:\/\/fpmaam.org\/ministere2\/wp-json\/wp\/v2\/posts\/2231\/revisions"}],"predecessor-version":[{"id":2232,"href":"https:\/\/fpmaam.org\/ministere2\/wp-json\/wp\/v2\/posts\/2231\/revisions\/2232"}],"wp:attachment":[{"href":"https:\/\/fpmaam.org\/ministere2\/wp-json\/wp\/v2\/media?parent=2231"}],"wp:term":[{"taxonomy":"category","embeddable":true,"href":"https:\/\/fpmaam.org\/ministere2\/wp-json\/wp\/v2\/categories?post=2231"},{"taxonomy":"post_tag","embeddable":true,"href":"https:\/\/fpmaam.org\/ministere2\/wp-json\/wp\/v2\/tags?post=2231"}],"curies":[{"name":"wp","href":"https:\/\/api.w.org\/{rel}","templated":true}]}}