{"id":303,"date":"2009-12-31T20:11:05","date_gmt":"2009-12-31T20:11:05","guid":{"rendered":"http:\/\/fpmaaixmarseille.free.fr\/fpmaam\/?p=68"},"modified":"2020-12-07T16:13:39","modified_gmt":"2020-12-07T16:13:39","slug":"parcours-alpha-programme","status":"publish","type":"post","link":"https:\/\/fpmaam.org\/ministere2\/2009\/12\/31\/parcours-alpha-programme\/","title":{"rendered":"Parcours Alpha &#8211; programme"},"content":{"rendered":"<p style=\"text-align: justify;\"><strong>Parcours alpha de la paroisse de Grignan<\/strong><\/p>\n<p style=\"text-align: justify;\">au Parvis du Protestantisme<\/p>\n<p style=\"text-align: justify;\">15, rue Grignan 13006 Marseille<\/p>\n<p style=\"text-align: justify;\">M\u00e9tro : Estrangin\u00a0\u00a0\u00a0\u00a0\u00a0 Bus : Pr\u00e9fecture<\/p>\n<p style=\"text-align: justify;\">Le parcours comprend un week-end \u00e0 l&rsquo;ext\u00e9rieur : c&rsquo;est le moment cl\u00e9 qui est aussi un vrai temps de d\u00e9tente. Alors r\u00e9servez d\u00e8s maintenant la date !<\/p>\n<p style=\"text-align: justify;\"><strong>Les rencontres ont lieu le mardi soir au Parvis du Protestantisme de 19h30 \u00e0 21h45<\/strong><\/p>\n<p style=\"text-align: justify;\">Apr\u00e8s la premi\u00e8re rencontre le <strong>mardi 5 janvier<\/strong> 2010 sur le th\u00e8me : \u00ab\u00a0Le christianisme : faux ennuyeux et d\u00e9pass\u00e9 ?\u00a0\u00bb<\/p>\n<p style=\"text-align: justify;\"><strong>Voici les dates des prochaines rencontres :<\/strong><\/p>\n<p style=\"text-align: justify;\"><strong>Mardi 12 janvier<\/strong> : Qui est J\u00e9sus ?<\/p>\n<p style=\"text-align: justify;\"><strong>Mardi 19 janvier<\/strong> : Pourquoi J\u00e9sus est-il mort ?<\/p>\n<p style=\"text-align: justify;\"><strong>Mardi 26 janvier<\/strong> : Comment puis-je \u00eatre s\u00fbr de ma foi ?<\/p>\n<p style=\"text-align: justify;\"><strong>Mardi 2 f\u00e9vrier<\/strong> : Prier ? Pourquoi et comment ?<\/p>\n<p style=\"text-align: justify;\"><strong>Mardi 16 f\u00e9vrier<\/strong> : Lire la Bible ? Pourquoi et comment ?<\/p>\n<p style=\"text-align: justify;\"><strong>Mardi 23 f\u00e9vrier<\/strong> : Comment Dieu nous guide-t-il ?<\/p>\n<p style=\"text-align: justify;\"><strong>Week End 27 et 28 f\u00e9vrier<\/strong> : L&rsquo;Esprit Saint<\/p>\n<p style=\"text-align: justify;\"><strong>Mardi 9 mars<\/strong> : Comment resister au mal ?<\/p>\n<p style=\"text-align: justify;\"><strong>Mardi 16 mars<\/strong> : En parler aux autres : pourquoi et comment ?<\/p>\n<p style=\"text-align: justify;\"><strong>Mardi 23 mars<\/strong> : Dieu gu\u00e9rit-il encore aujourd&rsquo;hui ?<\/p>\n<p style=\"text-align: justify;\"><strong>Mardi 30 mars<\/strong> : Qu&rsquo;en est-il de l&rsquo;Eglise ?<\/p>\n<p style=\"text-align: justify;\"><strong>Mardi 6 avril<\/strong> : D\u00eener de cloture<\/p>\n<p style=\"text-align: justify;\">Aidez-nous\u00a0\u00e0 pr\u00e9parer ces rencontres en nous pr\u00e9venant de votre pr\u00e9sence aux prochaines dates :<\/p>\n<p style=\"text-align: justify;\">Val\u00e9rie : 06 89 77 74 96<\/p>\n<p style=\"text-align: justify;\">Toky : 06 66 48 46 46<\/p>\n<p style=\"text-align: justify;\"><a href=\"mailto:alpha.grignan@hotmail.com\">alpha.grignan@hotmail.com<\/a><\/p>\n","protected":false},"excerpt":{"rendered":"<p>Parcours alpha de la paroisse de Grignan au Parvis du Protestantisme 15, rue Grignan 13006 Marseille M\u00e9tro : Estrangin\u00a0\u00a0\u00a0\u00a0\u00a0 Bus : Pr\u00e9fecture Le parcours comprend un week-end \u00e0 l&rsquo;ext\u00e9rieur : c&rsquo;est le moment cl\u00e9 qui est aussi un vrai temps de d\u00e9tente. Alors r\u00e9servez d\u00e8s maintenant la date ! Les rencontres ont lieu le mardi &hellip; <a href=\"https:\/\/fpmaam.org\/ministere2\/2009\/12\/31\/parcours-alpha-programme\/\" class=\"more-link\">Continuer la lecture<span class=\"screen-reader-text\"> de &laquo;&nbsp;Parcours Alpha &#8211; programme&nbsp;&raquo;<\/span><\/a><\/p>\n","protected":false},"author":2,"featured_media":0,"comment_status":"open","ping_status":"open","sticky":false,"template":"","format":"standard","meta":{"footnotes":""},"categories":[9],"tags":[],"class_list":["post-303","post","type-post","status-publish","format-standard","hentry","category-alpha"],"yoast_head":"<!-- This site is optimized with the Yoast SEO plugin v26.8 - https:\/\/yoast.com\/product\/yoast-seo-wordpress\/ -->\n<title>Parcours Alpha - programme - FPMA Aix Marseille - EGLISE PROTESTANTE MALGACHE EN FRANCE<\/title>\n<meta name=\"robots\" content=\"index, follow, max-snippet:-1, max-image-preview:large, max-video-preview:-1\" \/>\n<link rel=\"canonical\" href=\"https:\/\/fpmaam.org\/ministere2\/2009\/12\/31\/parcours-alpha-programme\/\" \/>\n<meta property=\"og:locale\" content=\"fr_FR\" \/>\n<meta property=\"og:type\" content=\"article\" \/>\n<meta property=\"og:title\" content=\"Parcours Alpha - programme - FPMA Aix Marseille - EGLISE PROTESTANTE MALGACHE EN FRANCE\" \/>\n<meta property=\"og:description\" content=\"Parcours alpha de la paroisse de Grignan au Parvis du Protestantisme 15, rue Grignan 13006 Marseille M\u00e9tro : Estrangin\u00a0\u00a0\u00a0\u00a0\u00a0 Bus : Pr\u00e9fecture Le parcours comprend un week-end \u00e0 l&rsquo;ext\u00e9rieur : c&rsquo;est le moment cl\u00e9 qui est aussi un vrai temps de d\u00e9tente. Alors r\u00e9servez d\u00e8s maintenant la date ! Les rencontres ont lieu le mardi &hellip; Continuer la lecture de &laquo;&nbsp;Parcours Alpha &#8211; programme&nbsp;&raquo;\" \/>\n<meta property=\"og:url\" content=\"https:\/\/fpmaam.org\/ministere2\/2009\/12\/31\/parcours-alpha-programme\/\" \/>\n<meta property=\"og:site_name\" content=\"FPMA Aix Marseille - EGLISE PROTESTANTE MALGACHE EN FRANCE\" \/>\n<meta property=\"article:published_time\" content=\"2009-12-31T20:11:05+00:00\" \/>\n<meta property=\"article:modified_time\" content=\"2020-12-07T16:13:39+00:00\" \/>\n<meta name=\"author\" content=\"president\" \/>\n<meta name=\"twitter:card\" content=\"summary_large_image\" \/>\n<meta name=\"twitter:label1\" content=\"\u00c9crit par\" \/>\n\t<meta name=\"twitter:data1\" content=\"president\" \/>\n\t<meta name=\"twitter:label2\" content=\"Dur\u00e9e de lecture estim\u00e9e\" \/>\n\t<meta name=\"twitter:data2\" content=\"1 minute\" \/>\n<script type=\"application\/ld+json\" class=\"yoast-schema-graph\">{\"@context\":\"https:\/\/schema.org\",\"@graph\":[{\"@type\":\"Article\",\"@id\":\"https:\/\/fpmaam.org\/ministere2\/2009\/12\/31\/parcours-alpha-programme\/#article\",\"isPartOf\":{\"@id\":\"https:\/\/fpmaam.org\/ministere2\/2009\/12\/31\/parcours-alpha-programme\/\"},\"author\":{\"name\":\"president\",\"@id\":\"https:\/\/fpmaam.org\/ministere2\/#\/schema\/person\/ff56433fcd98f0093229506e2c1cfd58\"},\"headline\":\"Parcours Alpha &#8211; programme\",\"datePublished\":\"2009-12-31T20:11:05+00:00\",\"dateModified\":\"2020-12-07T16:13:39+00:00\",\"mainEntityOfPage\":{\"@id\":\"https:\/\/fpmaam.org\/ministere2\/2009\/12\/31\/parcours-alpha-programme\/\"},\"wordCount\":202,\"commentCount\":0,\"publisher\":{\"@id\":\"https:\/\/fpmaam.org\/ministere2\/#organization\"},\"articleSection\":[\"alpha\"],\"inLanguage\":\"fr-FR\",\"potentialAction\":[{\"@type\":\"CommentAction\",\"name\":\"Comment\",\"target\":[\"https:\/\/fpmaam.org\/ministere2\/2009\/12\/31\/parcours-alpha-programme\/#respond\"]}]},{\"@type\":\"WebPage\",\"@id\":\"https:\/\/fpmaam.org\/ministere2\/2009\/12\/31\/parcours-alpha-programme\/\",\"url\":\"https:\/\/fpmaam.org\/ministere2\/2009\/12\/31\/parcours-alpha-programme\/\",\"name\":\"Parcours Alpha - programme - FPMA Aix Marseille - EGLISE PROTESTANTE MALGACHE EN FRANCE\",\"isPartOf\":{\"@id\":\"https:\/\/fpmaam.org\/ministere2\/#website\"},\"datePublished\":\"2009-12-31T20:11:05+00:00\",\"dateModified\":\"2020-12-07T16:13:39+00:00\",\"breadcrumb\":{\"@id\":\"https:\/\/fpmaam.org\/ministere2\/2009\/12\/31\/parcours-alpha-programme\/#breadcrumb\"},\"inLanguage\":\"fr-FR\",\"potentialAction\":[{\"@type\":\"ReadAction\",\"target\":[\"https:\/\/fpmaam.org\/ministere2\/2009\/12\/31\/parcours-alpha-programme\/\"]}]},{\"@type\":\"BreadcrumbList\",\"@id\":\"https:\/\/fpmaam.org\/ministere2\/2009\/12\/31\/parcours-alpha-programme\/#breadcrumb\",\"itemListElement\":[{\"@type\":\"ListItem\",\"position\":1,\"name\":\"Accueil\",\"item\":\"https:\/\/fpmaam.org\/ministere2\/\"},{\"@type\":\"ListItem\",\"position\":2,\"name\":\"Parcours Alpha &#8211; programme\"}]},{\"@type\":\"WebSite\",\"@id\":\"https:\/\/fpmaam.org\/ministere2\/#website\",\"url\":\"https:\/\/fpmaam.org\/ministere2\/\",\"name\":\"FPMA Aix Marseille - EGLISE PROTESTANTE MALGACHE EN FRANCE\",\"description\":\"\",\"publisher\":{\"@id\":\"https:\/\/fpmaam.org\/ministere2\/#organization\"},\"potentialAction\":[{\"@type\":\"SearchAction\",\"target\":{\"@type\":\"EntryPoint\",\"urlTemplate\":\"https:\/\/fpmaam.org\/ministere2\/?s={search_term_string}\"},\"query-input\":{\"@type\":\"PropertyValueSpecification\",\"valueRequired\":true,\"valueName\":\"search_term_string\"}}],\"inLanguage\":\"fr-FR\"},{\"@type\":\"Organization\",\"@id\":\"https:\/\/fpmaam.org\/ministere2\/#organization\",\"name\":\"FPMA Aix Marseille - EGLISE PROTESTANTE MALGACHE EN FRANCE\",\"url\":\"https:\/\/fpmaam.org\/ministere2\/\",\"logo\":{\"@type\":\"ImageObject\",\"inLanguage\":\"fr-FR\",\"@id\":\"https:\/\/fpmaam.org\/ministere2\/#\/schema\/logo\/image\/\",\"url\":\"https:\/\/fpmaam.org\/ministere2\/wp-content\/uploads\/2025\/03\/cropped-fpmaam_logo.png\",\"contentUrl\":\"https:\/\/fpmaam.org\/ministere2\/wp-content\/uploads\/2025\/03\/cropped-fpmaam_logo.png\",\"width\":240,\"height\":240,\"caption\":\"FPMA Aix Marseille - EGLISE PROTESTANTE MALGACHE EN FRANCE\"},\"image\":{\"@id\":\"https:\/\/fpmaam.org\/ministere2\/#\/schema\/logo\/image\/\"}},{\"@type\":\"Person\",\"@id\":\"https:\/\/fpmaam.org\/ministere2\/#\/schema\/person\/ff56433fcd98f0093229506e2c1cfd58\",\"name\":\"president\",\"image\":{\"@type\":\"ImageObject\",\"inLanguage\":\"fr-FR\",\"@id\":\"https:\/\/fpmaam.org\/ministere2\/#\/schema\/person\/image\/\",\"url\":\"https:\/\/secure.gravatar.com\/avatar\/334ab7435658a8ecc66527fd509ef3f5?s=96&d=mm&r=g\",\"contentUrl\":\"https:\/\/secure.gravatar.com\/avatar\/334ab7435658a8ecc66527fd509ef3f5?s=96&d=mm&r=g\",\"caption\":\"president\"},\"url\":\"https:\/\/fpmaam.org\/ministere2\/author\/president\/\"}]}<\/script>\n<!-- \/ Yoast SEO plugin. -->","yoast_head_json":{"title":"Parcours Alpha - programme - FPMA Aix Marseille - EGLISE PROTESTANTE MALGACHE EN FRANCE","robots":{"index":"index","follow":"follow","max-snippet":"max-snippet:-1","max-image-preview":"max-image-preview:large","max-video-preview":"max-video-preview:-1"},"canonical":"https:\/\/fpmaam.org\/ministere2\/2009\/12\/31\/parcours-alpha-programme\/","og_locale":"fr_FR","og_type":"article","og_title":"Parcours Alpha - programme - FPMA Aix Marseille - EGLISE PROTESTANTE MALGACHE EN FRANCE","og_description":"Parcours alpha de la paroisse de Grignan au Parvis du Protestantisme 15, rue Grignan 13006 Marseille M\u00e9tro : Estrangin\u00a0\u00a0\u00a0\u00a0\u00a0 Bus : Pr\u00e9fecture Le parcours comprend un week-end \u00e0 l&rsquo;ext\u00e9rieur : c&rsquo;est le moment cl\u00e9 qui est aussi un vrai temps de d\u00e9tente. Alors r\u00e9servez d\u00e8s maintenant la date ! Les rencontres ont lieu le mardi &hellip; Continuer la lecture de &laquo;&nbsp;Parcours Alpha &#8211; programme&nbsp;&raquo;","og_url":"https:\/\/fpmaam.org\/ministere2\/2009\/12\/31\/parcours-alpha-programme\/","og_site_name":"FPMA Aix Marseille - EGLISE PROTESTANTE MALGACHE EN FRANCE","article_published_time":"2009-12-31T20:11:05+00:00","article_modified_time":"2020-12-07T16:13:39+00:00","author":"president","twitter_card":"summary_large_image","twitter_misc":{"\u00c9crit par":"president","Dur\u00e9e de lecture estim\u00e9e":"1 minute"},"schema":{"@context":"https:\/\/schema.org","@graph":[{"@type":"Article","@id":"https:\/\/fpmaam.org\/ministere2\/2009\/12\/31\/parcours-alpha-programme\/#article","isPartOf":{"@id":"https:\/\/fpmaam.org\/ministere2\/2009\/12\/31\/parcours-alpha-programme\/"},"author":{"name":"president","@id":"https:\/\/fpmaam.org\/ministere2\/#\/schema\/person\/ff56433fcd98f0093229506e2c1cfd58"},"headline":"Parcours Alpha &#8211; programme","datePublished":"2009-12-31T20:11:05+00:00","dateModified":"2020-12-07T16:13:39+00:00","mainEntityOfPage":{"@id":"https:\/\/fpmaam.org\/ministere2\/2009\/12\/31\/parcours-alpha-programme\/"},"wordCount":202,"commentCount":0,"publisher":{"@id":"https:\/\/fpmaam.org\/ministere2\/#organization"},"articleSection":["alpha"],"inLanguage":"fr-FR","potentialAction":[{"@type":"CommentAction","name":"Comment","target":["https:\/\/fpmaam.org\/ministere2\/2009\/12\/31\/parcours-alpha-programme\/#respond"]}]},{"@type":"WebPage","@id":"https:\/\/fpmaam.org\/ministere2\/2009\/12\/31\/parcours-alpha-programme\/","url":"https:\/\/fpmaam.org\/ministere2\/2009\/12\/31\/parcours-alpha-programme\/","name":"Parcours Alpha - programme - FPMA Aix Marseille - EGLISE PROTESTANTE MALGACHE EN FRANCE","isPartOf":{"@id":"https:\/\/fpmaam.org\/ministere2\/#website"},"datePublished":"2009-12-31T20:11:05+00:00","dateModified":"2020-12-07T16:13:39+00:00","breadcrumb":{"@id":"https:\/\/fpmaam.org\/ministere2\/2009\/12\/31\/parcours-alpha-programme\/#breadcrumb"},"inLanguage":"fr-FR","potentialAction":[{"@type":"ReadAction","target":["https:\/\/fpmaam.org\/ministere2\/2009\/12\/31\/parcours-alpha-programme\/"]}]},{"@type":"BreadcrumbList","@id":"https:\/\/fpmaam.org\/ministere2\/2009\/12\/31\/parcours-alpha-programme\/#breadcrumb","itemListElement":[{"@type":"ListItem","position":1,"name":"Accueil","item":"https:\/\/fpmaam.org\/ministere2\/"},{"@type":"ListItem","position":2,"name":"Parcours Alpha &#8211; programme"}]},{"@type":"WebSite","@id":"https:\/\/fpmaam.org\/ministere2\/#website","url":"https:\/\/fpmaam.org\/ministere2\/","name":"FPMA Aix Marseille - EGLISE PROTESTANTE MALGACHE EN FRANCE","description":"","publisher":{"@id":"https:\/\/fpmaam.org\/ministere2\/#organization"},"potentialAction":[{"@type":"SearchAction","target":{"@type":"EntryPoint","urlTemplate":"https:\/\/fpmaam.org\/ministere2\/?s={search_term_string}"},"query-input":{"@type":"PropertyValueSpecification","valueRequired":true,"valueName":"search_term_string"}}],"inLanguage":"fr-FR"},{"@type":"Organization","@id":"https:\/\/fpmaam.org\/ministere2\/#organization","name":"FPMA Aix Marseille - EGLISE PROTESTANTE MALGACHE EN FRANCE","url":"https:\/\/fpmaam.org\/ministere2\/","logo":{"@type":"ImageObject","inLanguage":"fr-FR","@id":"https:\/\/fpmaam.org\/ministere2\/#\/schema\/logo\/image\/","url":"https:\/\/fpmaam.org\/ministere2\/wp-content\/uploads\/2025\/03\/cropped-fpmaam_logo.png","contentUrl":"https:\/\/fpmaam.org\/ministere2\/wp-content\/uploads\/2025\/03\/cropped-fpmaam_logo.png","width":240,"height":240,"caption":"FPMA Aix Marseille - EGLISE PROTESTANTE MALGACHE EN FRANCE"},"image":{"@id":"https:\/\/fpmaam.org\/ministere2\/#\/schema\/logo\/image\/"}},{"@type":"Person","@id":"https:\/\/fpmaam.org\/ministere2\/#\/schema\/person\/ff56433fcd98f0093229506e2c1cfd58","name":"president","image":{"@type":"ImageObject","inLanguage":"fr-FR","@id":"https:\/\/fpmaam.org\/ministere2\/#\/schema\/person\/image\/","url":"https:\/\/secure.gravatar.com\/avatar\/334ab7435658a8ecc66527fd509ef3f5?s=96&d=mm&r=g","contentUrl":"https:\/\/secure.gravatar.com\/avatar\/334ab7435658a8ecc66527fd509ef3f5?s=96&d=mm&r=g","caption":"president"},"url":"https:\/\/fpmaam.org\/ministere2\/author\/president\/"}]}},"_links":{"self":[{"href":"https:\/\/fpmaam.org\/ministere2\/wp-json\/wp\/v2\/posts\/303","targetHints":{"allow":["GET"]}}],"collection":[{"href":"https:\/\/fpmaam.org\/ministere2\/wp-json\/wp\/v2\/posts"}],"about":[{"href":"https:\/\/fpmaam.org\/ministere2\/wp-json\/wp\/v2\/types\/post"}],"author":[{"embeddable":true,"href":"https:\/\/fpmaam.org\/ministere2\/wp-json\/wp\/v2\/users\/2"}],"replies":[{"embeddable":true,"href":"https:\/\/fpmaam.org\/ministere2\/wp-json\/wp\/v2\/comments?post=303"}],"version-history":[{"count":1,"href":"https:\/\/fpmaam.org\/ministere2\/wp-json\/wp\/v2\/posts\/303\/revisions"}],"predecessor-version":[{"id":14942,"href":"https:\/\/fpmaam.org\/ministere2\/wp-json\/wp\/v2\/posts\/303\/revisions\/14942"}],"wp:attachment":[{"href":"https:\/\/fpmaam.org\/ministere2\/wp-json\/wp\/v2\/media?parent=303"}],"wp:term":[{"taxonomy":"category","embeddable":true,"href":"https:\/\/fpmaam.org\/ministere2\/wp-json\/wp\/v2\/categories?post=303"},{"taxonomy":"post_tag","embeddable":true,"href":"https:\/\/fpmaam.org\/ministere2\/wp-json\/wp\/v2\/tags?post=303"}],"curies":[{"name":"wp","href":"https:\/\/api.w.org\/{rel}","templated":true}]}}