{"id":513,"date":"2011-02-03T23:51:33","date_gmt":"2011-02-03T23:51:33","guid":{"rendered":"http:\/\/fpmaaixmarseille.free.fr\/fpmaam\/?p=341"},"modified":"2020-12-07T16:16:39","modified_gmt":"2020-12-07T16:16:39","slug":"journee-mission-et-culte-franco-malgache","status":"publish","type":"post","link":"https:\/\/fpmaam.org\/ministere2\/2011\/02\/03\/journee-mission-et-culte-franco-malgache\/","title":{"rendered":"Journ\u00e9e Mission"},"content":{"rendered":"<h2 style=\"text-align: center;\"><strong><span style=\"color: #ff0000;\">Journ\u00e9e Mission pour Madagascar<\/span><br \/>\n<\/strong><\/h2>\n<h4><span style=\"color: #0000ff;\"><strong><span style=\"text-decoration: underline;\">Samedi, 5 f\u00e9vrier 2011<\/span><\/strong><\/span><\/h4>\n<p style=\"text-align: center;\"><em><span style=\"color: #000080;\"><strong>Projet de soutien \u00e0 la\u00a0 construction d\u2019une chapelle<br \/>\nde l\u2019Aum\u00f4nerie de TUL\u00c9AR\u00a0 (APU)<\/strong><\/span><\/em><\/p>\n<div>\n<ul>\n<li><strong>Portes ouvertes \u00e0 partir de 17h<\/strong><\/li>\n<\/ul>\n<\/div>\n<ul>\n<li><strong>Exposition et d\u00e9bat<\/strong> : Aujourd\u2019hui, la Mission, c\u2019est quoi ?<\/li>\n<\/ul>\n<p style=\"padding-left: 30px;\"><strong>Intervenants<\/strong>:<br \/>\nMr et Mme Michel BOZILLE \u2013envoy\u00e9s \u00e0 MADAGASCAR<br \/>\nPasteur BAFOUE et son \u00e9pouse (Nouvelle Cal\u00e9donie)<br \/>\n<strong> <\/strong><\/p>\n<ul>\n<li><strong>Information<\/strong> : <em>Projet Go to Togo<\/em><\/li>\n<\/ul>\n<ul>\n<li><strong>Buffet<\/strong>: 19h-20h<\/li>\n<\/ul>\n<p>Soupe surprise + cr\u00eapes \u00e0 accommoder<br \/>\nselon son go\u00fbt (10\u20ac: adulte\/5\u20ac : \u00e9tudiants-enfants)<\/p>\n<ul>\n<li><strong>Vers 20h15-20h30<\/strong><\/li>\n<\/ul>\n<p>Animation : Venez (re-)d\u00e9couvrir la pr\u00e9sentation d&rsquo;une pi\u00e8ce de th\u00e9\u00e2tre\u00a0 sur \u00ab\u00a0l\u2019Histoire de JOB\u00a0\u00bb par la FPMA.<\/p>\n<div><strong>4 rue Villars 13100 Aix-en-Provence.<\/strong><span style=\"color: #0000ff;\"> <\/span><\/div>\n<div><strong><span style=\"color: #0000ff;\"><br \/>\n<\/span><\/strong><\/div>\n<h4><strong><span style=\"color: #0000ff;\"><span style=\"text-decoration: underline;\">Dimanche 6 f\u00e9vrier 2011<\/span>:<\/span><\/strong><\/h4>\n<div>\n<ul>\n<li><strong>Culte franco-malgache<\/strong> \u00e0 10h30<\/li>\n<\/ul>\n<\/div>\n<div>\n<h4 style=\"padding-left: 30px;\">4, rue Villars 13100 Aix-en Provence <span style=\"color: #0000ff;\"> <\/span><\/h4>\n<h4 style=\"padding-left: 30px;\"><span style=\"color: #0000ff;\">(Coordonn\u00e9es GPS: 43. 525465, 5. 4470476)<\/span><\/h4>\n<p><span style=\"color: #888888;\">[N 43\u00b0 31&prime; 31.6734\u00a0\u00bb (+43\u00b0 31&prime; 31.6734\u00a0\u00bb) , E 5\u00b0 26&prime; 49.3722\u00a0\u00bb (+5\u00b0 26&prime; 49.3722\u00a0\u00bb)]<\/span><strong> <\/strong><\/p>\n<h4 style=\"padding-left: 30px;\">=&gt; (Pour plus des d\u00e9tails cliquer:<a href=\"https:\/\/fpmaam.org\/ministere\/wp-content\/uploads\/2011\/02\/Invitation-Samedi-5-fevrier-.pdf\"> <strong><span style=\"color: #ff0000;\">Programme)<\/span><\/strong><\/a><\/h4>\n<p><strong><span style=\"color: #ff0000;\"><br \/>\n<\/span><\/strong><\/p>\n<\/div>\n","protected":false},"excerpt":{"rendered":"<p>Journ\u00e9e Mission pour Madagascar Samedi, 5 f\u00e9vrier 2011 Projet de soutien \u00e0 la\u00a0 construction d\u2019une chapelle de l\u2019Aum\u00f4nerie de TUL\u00c9AR\u00a0 (APU) Portes ouvertes \u00e0 partir de 17h Exposition et d\u00e9bat : Aujourd\u2019hui, la Mission, c\u2019est quoi ? Intervenants: Mr et Mme Michel BOZILLE \u2013envoy\u00e9s \u00e0 MADAGASCAR Pasteur BAFOUE et son \u00e9pouse (Nouvelle Cal\u00e9donie) Information : &hellip; <a href=\"https:\/\/fpmaam.org\/ministere2\/2011\/02\/03\/journee-mission-et-culte-franco-malgache\/\" class=\"more-link\">Continuer la lecture<span class=\"screen-reader-text\"> de &laquo;&nbsp;Journ\u00e9e Mission&nbsp;&raquo;<\/span><\/a><\/p>\n","protected":false},"author":1,"featured_media":0,"comment_status":"open","ping_status":"closed","sticky":false,"template":"","format":"standard","meta":{"footnotes":""},"categories":[11],"tags":[],"class_list":["post-513","post","type-post","status-publish","format-standard","hentry","category-mission"],"yoast_head":"<!-- This site is optimized with the Yoast SEO plugin v26.8 - https:\/\/yoast.com\/product\/yoast-seo-wordpress\/ -->\n<title>Journ\u00e9e Mission - FPMA Aix Marseille - EGLISE PROTESTANTE MALGACHE EN FRANCE<\/title>\n<meta name=\"robots\" content=\"index, follow, max-snippet:-1, max-image-preview:large, max-video-preview:-1\" \/>\n<link rel=\"canonical\" href=\"https:\/\/fpmaam.org\/ministere2\/2011\/02\/03\/journee-mission-et-culte-franco-malgache\/\" \/>\n<meta property=\"og:locale\" content=\"fr_FR\" \/>\n<meta property=\"og:type\" content=\"article\" \/>\n<meta property=\"og:title\" content=\"Journ\u00e9e Mission - FPMA Aix Marseille - EGLISE PROTESTANTE MALGACHE EN FRANCE\" \/>\n<meta property=\"og:description\" content=\"Journ\u00e9e Mission pour Madagascar Samedi, 5 f\u00e9vrier 2011 Projet de soutien \u00e0 la\u00a0 construction d\u2019une chapelle de l\u2019Aum\u00f4nerie de TUL\u00c9AR\u00a0 (APU) Portes ouvertes \u00e0 partir de 17h Exposition et d\u00e9bat : Aujourd\u2019hui, la Mission, c\u2019est quoi ? Intervenants: Mr et Mme Michel BOZILLE \u2013envoy\u00e9s \u00e0 MADAGASCAR Pasteur BAFOUE et son \u00e9pouse (Nouvelle Cal\u00e9donie) Information : &hellip; Continuer la lecture de &laquo;&nbsp;Journ\u00e9e Mission&nbsp;&raquo;\" \/>\n<meta property=\"og:url\" content=\"https:\/\/fpmaam.org\/ministere2\/2011\/02\/03\/journee-mission-et-culte-franco-malgache\/\" \/>\n<meta property=\"og:site_name\" content=\"FPMA Aix Marseille - EGLISE PROTESTANTE MALGACHE EN FRANCE\" \/>\n<meta property=\"article:published_time\" content=\"2011-02-03T23:51:33+00:00\" \/>\n<meta property=\"article:modified_time\" content=\"2020-12-07T16:16:39+00:00\" \/>\n<meta name=\"author\" content=\"admin\" \/>\n<meta name=\"twitter:card\" content=\"summary_large_image\" \/>\n<meta name=\"twitter:label1\" content=\"\u00c9crit par\" \/>\n\t<meta name=\"twitter:data1\" content=\"admin\" \/>\n\t<meta name=\"twitter:label2\" content=\"Dur\u00e9e de lecture estim\u00e9e\" \/>\n\t<meta name=\"twitter:data2\" content=\"1 minute\" \/>\n<script type=\"application\/ld+json\" class=\"yoast-schema-graph\">{\"@context\":\"https:\/\/schema.org\",\"@graph\":[{\"@type\":\"Article\",\"@id\":\"https:\/\/fpmaam.org\/ministere2\/2011\/02\/03\/journee-mission-et-culte-franco-malgache\/#article\",\"isPartOf\":{\"@id\":\"https:\/\/fpmaam.org\/ministere2\/2011\/02\/03\/journee-mission-et-culte-franco-malgache\/\"},\"author\":{\"name\":\"admin\",\"@id\":\"https:\/\/fpmaam.org\/ministere2\/#\/schema\/person\/2125ca29a0b07a456fd343518df44b67\"},\"headline\":\"Journ\u00e9e Mission\",\"datePublished\":\"2011-02-03T23:51:33+00:00\",\"dateModified\":\"2020-12-07T16:16:39+00:00\",\"mainEntityOfPage\":{\"@id\":\"https:\/\/fpmaam.org\/ministere2\/2011\/02\/03\/journee-mission-et-culte-franco-malgache\/\"},\"wordCount\":139,\"commentCount\":0,\"publisher\":{\"@id\":\"https:\/\/fpmaam.org\/ministere2\/#organization\"},\"articleSection\":[\"mission\"],\"inLanguage\":\"fr-FR\",\"potentialAction\":[{\"@type\":\"CommentAction\",\"name\":\"Comment\",\"target\":[\"https:\/\/fpmaam.org\/ministere2\/2011\/02\/03\/journee-mission-et-culte-franco-malgache\/#respond\"]}]},{\"@type\":\"WebPage\",\"@id\":\"https:\/\/fpmaam.org\/ministere2\/2011\/02\/03\/journee-mission-et-culte-franco-malgache\/\",\"url\":\"https:\/\/fpmaam.org\/ministere2\/2011\/02\/03\/journee-mission-et-culte-franco-malgache\/\",\"name\":\"Journ\u00e9e Mission - FPMA Aix Marseille - EGLISE PROTESTANTE MALGACHE EN FRANCE\",\"isPartOf\":{\"@id\":\"https:\/\/fpmaam.org\/ministere2\/#website\"},\"datePublished\":\"2011-02-03T23:51:33+00:00\",\"dateModified\":\"2020-12-07T16:16:39+00:00\",\"breadcrumb\":{\"@id\":\"https:\/\/fpmaam.org\/ministere2\/2011\/02\/03\/journee-mission-et-culte-franco-malgache\/#breadcrumb\"},\"inLanguage\":\"fr-FR\",\"potentialAction\":[{\"@type\":\"ReadAction\",\"target\":[\"https:\/\/fpmaam.org\/ministere2\/2011\/02\/03\/journee-mission-et-culte-franco-malgache\/\"]}]},{\"@type\":\"BreadcrumbList\",\"@id\":\"https:\/\/fpmaam.org\/ministere2\/2011\/02\/03\/journee-mission-et-culte-franco-malgache\/#breadcrumb\",\"itemListElement\":[{\"@type\":\"ListItem\",\"position\":1,\"name\":\"Accueil\",\"item\":\"https:\/\/fpmaam.org\/ministere2\/\"},{\"@type\":\"ListItem\",\"position\":2,\"name\":\"Journ\u00e9e Mission\"}]},{\"@type\":\"WebSite\",\"@id\":\"https:\/\/fpmaam.org\/ministere2\/#website\",\"url\":\"https:\/\/fpmaam.org\/ministere2\/\",\"name\":\"FPMA Aix Marseille - EGLISE PROTESTANTE MALGACHE EN FRANCE\",\"description\":\"\",\"publisher\":{\"@id\":\"https:\/\/fpmaam.org\/ministere2\/#organization\"},\"potentialAction\":[{\"@type\":\"SearchAction\",\"target\":{\"@type\":\"EntryPoint\",\"urlTemplate\":\"https:\/\/fpmaam.org\/ministere2\/?s={search_term_string}\"},\"query-input\":{\"@type\":\"PropertyValueSpecification\",\"valueRequired\":true,\"valueName\":\"search_term_string\"}}],\"inLanguage\":\"fr-FR\"},{\"@type\":\"Organization\",\"@id\":\"https:\/\/fpmaam.org\/ministere2\/#organization\",\"name\":\"FPMA Aix Marseille - EGLISE PROTESTANTE MALGACHE EN FRANCE\",\"url\":\"https:\/\/fpmaam.org\/ministere2\/\",\"logo\":{\"@type\":\"ImageObject\",\"inLanguage\":\"fr-FR\",\"@id\":\"https:\/\/fpmaam.org\/ministere2\/#\/schema\/logo\/image\/\",\"url\":\"https:\/\/fpmaam.org\/ministere2\/wp-content\/uploads\/2025\/03\/cropped-fpmaam_logo.png\",\"contentUrl\":\"https:\/\/fpmaam.org\/ministere2\/wp-content\/uploads\/2025\/03\/cropped-fpmaam_logo.png\",\"width\":240,\"height\":240,\"caption\":\"FPMA Aix Marseille - EGLISE PROTESTANTE MALGACHE EN FRANCE\"},\"image\":{\"@id\":\"https:\/\/fpmaam.org\/ministere2\/#\/schema\/logo\/image\/\"}},{\"@type\":\"Person\",\"@id\":\"https:\/\/fpmaam.org\/ministere2\/#\/schema\/person\/2125ca29a0b07a456fd343518df44b67\",\"name\":\"admin\",\"image\":{\"@type\":\"ImageObject\",\"inLanguage\":\"fr-FR\",\"@id\":\"https:\/\/fpmaam.org\/ministere2\/#\/schema\/person\/image\/\",\"url\":\"https:\/\/secure.gravatar.com\/avatar\/2000cb25cca5da2aef14093492d47a94?s=96&d=mm&r=g\",\"contentUrl\":\"https:\/\/secure.gravatar.com\/avatar\/2000cb25cca5da2aef14093492d47a94?s=96&d=mm&r=g\",\"caption\":\"admin\"},\"url\":\"https:\/\/fpmaam.org\/ministere2\/author\/admin\/\"}]}<\/script>\n<!-- \/ Yoast SEO plugin. -->","yoast_head_json":{"title":"Journ\u00e9e Mission - FPMA Aix Marseille - EGLISE PROTESTANTE MALGACHE EN FRANCE","robots":{"index":"index","follow":"follow","max-snippet":"max-snippet:-1","max-image-preview":"max-image-preview:large","max-video-preview":"max-video-preview:-1"},"canonical":"https:\/\/fpmaam.org\/ministere2\/2011\/02\/03\/journee-mission-et-culte-franco-malgache\/","og_locale":"fr_FR","og_type":"article","og_title":"Journ\u00e9e Mission - FPMA Aix Marseille - EGLISE PROTESTANTE MALGACHE EN FRANCE","og_description":"Journ\u00e9e Mission pour Madagascar Samedi, 5 f\u00e9vrier 2011 Projet de soutien \u00e0 la\u00a0 construction d\u2019une chapelle de l\u2019Aum\u00f4nerie de TUL\u00c9AR\u00a0 (APU) Portes ouvertes \u00e0 partir de 17h Exposition et d\u00e9bat : Aujourd\u2019hui, la Mission, c\u2019est quoi ? Intervenants: Mr et Mme Michel BOZILLE \u2013envoy\u00e9s \u00e0 MADAGASCAR Pasteur BAFOUE et son \u00e9pouse (Nouvelle Cal\u00e9donie) Information : &hellip; Continuer la lecture de &laquo;&nbsp;Journ\u00e9e Mission&nbsp;&raquo;","og_url":"https:\/\/fpmaam.org\/ministere2\/2011\/02\/03\/journee-mission-et-culte-franco-malgache\/","og_site_name":"FPMA Aix Marseille - EGLISE PROTESTANTE MALGACHE EN FRANCE","article_published_time":"2011-02-03T23:51:33+00:00","article_modified_time":"2020-12-07T16:16:39+00:00","author":"admin","twitter_card":"summary_large_image","twitter_misc":{"\u00c9crit par":"admin","Dur\u00e9e de lecture estim\u00e9e":"1 minute"},"schema":{"@context":"https:\/\/schema.org","@graph":[{"@type":"Article","@id":"https:\/\/fpmaam.org\/ministere2\/2011\/02\/03\/journee-mission-et-culte-franco-malgache\/#article","isPartOf":{"@id":"https:\/\/fpmaam.org\/ministere2\/2011\/02\/03\/journee-mission-et-culte-franco-malgache\/"},"author":{"name":"admin","@id":"https:\/\/fpmaam.org\/ministere2\/#\/schema\/person\/2125ca29a0b07a456fd343518df44b67"},"headline":"Journ\u00e9e Mission","datePublished":"2011-02-03T23:51:33+00:00","dateModified":"2020-12-07T16:16:39+00:00","mainEntityOfPage":{"@id":"https:\/\/fpmaam.org\/ministere2\/2011\/02\/03\/journee-mission-et-culte-franco-malgache\/"},"wordCount":139,"commentCount":0,"publisher":{"@id":"https:\/\/fpmaam.org\/ministere2\/#organization"},"articleSection":["mission"],"inLanguage":"fr-FR","potentialAction":[{"@type":"CommentAction","name":"Comment","target":["https:\/\/fpmaam.org\/ministere2\/2011\/02\/03\/journee-mission-et-culte-franco-malgache\/#respond"]}]},{"@type":"WebPage","@id":"https:\/\/fpmaam.org\/ministere2\/2011\/02\/03\/journee-mission-et-culte-franco-malgache\/","url":"https:\/\/fpmaam.org\/ministere2\/2011\/02\/03\/journee-mission-et-culte-franco-malgache\/","name":"Journ\u00e9e Mission - FPMA Aix Marseille - EGLISE PROTESTANTE MALGACHE EN FRANCE","isPartOf":{"@id":"https:\/\/fpmaam.org\/ministere2\/#website"},"datePublished":"2011-02-03T23:51:33+00:00","dateModified":"2020-12-07T16:16:39+00:00","breadcrumb":{"@id":"https:\/\/fpmaam.org\/ministere2\/2011\/02\/03\/journee-mission-et-culte-franco-malgache\/#breadcrumb"},"inLanguage":"fr-FR","potentialAction":[{"@type":"ReadAction","target":["https:\/\/fpmaam.org\/ministere2\/2011\/02\/03\/journee-mission-et-culte-franco-malgache\/"]}]},{"@type":"BreadcrumbList","@id":"https:\/\/fpmaam.org\/ministere2\/2011\/02\/03\/journee-mission-et-culte-franco-malgache\/#breadcrumb","itemListElement":[{"@type":"ListItem","position":1,"name":"Accueil","item":"https:\/\/fpmaam.org\/ministere2\/"},{"@type":"ListItem","position":2,"name":"Journ\u00e9e Mission"}]},{"@type":"WebSite","@id":"https:\/\/fpmaam.org\/ministere2\/#website","url":"https:\/\/fpmaam.org\/ministere2\/","name":"FPMA Aix Marseille - EGLISE PROTESTANTE MALGACHE EN FRANCE","description":"","publisher":{"@id":"https:\/\/fpmaam.org\/ministere2\/#organization"},"potentialAction":[{"@type":"SearchAction","target":{"@type":"EntryPoint","urlTemplate":"https:\/\/fpmaam.org\/ministere2\/?s={search_term_string}"},"query-input":{"@type":"PropertyValueSpecification","valueRequired":true,"valueName":"search_term_string"}}],"inLanguage":"fr-FR"},{"@type":"Organization","@id":"https:\/\/fpmaam.org\/ministere2\/#organization","name":"FPMA Aix Marseille - EGLISE PROTESTANTE MALGACHE EN FRANCE","url":"https:\/\/fpmaam.org\/ministere2\/","logo":{"@type":"ImageObject","inLanguage":"fr-FR","@id":"https:\/\/fpmaam.org\/ministere2\/#\/schema\/logo\/image\/","url":"https:\/\/fpmaam.org\/ministere2\/wp-content\/uploads\/2025\/03\/cropped-fpmaam_logo.png","contentUrl":"https:\/\/fpmaam.org\/ministere2\/wp-content\/uploads\/2025\/03\/cropped-fpmaam_logo.png","width":240,"height":240,"caption":"FPMA Aix Marseille - EGLISE PROTESTANTE MALGACHE EN FRANCE"},"image":{"@id":"https:\/\/fpmaam.org\/ministere2\/#\/schema\/logo\/image\/"}},{"@type":"Person","@id":"https:\/\/fpmaam.org\/ministere2\/#\/schema\/person\/2125ca29a0b07a456fd343518df44b67","name":"admin","image":{"@type":"ImageObject","inLanguage":"fr-FR","@id":"https:\/\/fpmaam.org\/ministere2\/#\/schema\/person\/image\/","url":"https:\/\/secure.gravatar.com\/avatar\/2000cb25cca5da2aef14093492d47a94?s=96&d=mm&r=g","contentUrl":"https:\/\/secure.gravatar.com\/avatar\/2000cb25cca5da2aef14093492d47a94?s=96&d=mm&r=g","caption":"admin"},"url":"https:\/\/fpmaam.org\/ministere2\/author\/admin\/"}]}},"_links":{"self":[{"href":"https:\/\/fpmaam.org\/ministere2\/wp-json\/wp\/v2\/posts\/513","targetHints":{"allow":["GET"]}}],"collection":[{"href":"https:\/\/fpmaam.org\/ministere2\/wp-json\/wp\/v2\/posts"}],"about":[{"href":"https:\/\/fpmaam.org\/ministere2\/wp-json\/wp\/v2\/types\/post"}],"author":[{"embeddable":true,"href":"https:\/\/fpmaam.org\/ministere2\/wp-json\/wp\/v2\/users\/1"}],"replies":[{"embeddable":true,"href":"https:\/\/fpmaam.org\/ministere2\/wp-json\/wp\/v2\/comments?post=513"}],"version-history":[{"count":2,"href":"https:\/\/fpmaam.org\/ministere2\/wp-json\/wp\/v2\/posts\/513\/revisions"}],"predecessor-version":[{"id":834,"href":"https:\/\/fpmaam.org\/ministere2\/wp-json\/wp\/v2\/posts\/513\/revisions\/834"}],"wp:attachment":[{"href":"https:\/\/fpmaam.org\/ministere2\/wp-json\/wp\/v2\/media?parent=513"}],"wp:term":[{"taxonomy":"category","embeddable":true,"href":"https:\/\/fpmaam.org\/ministere2\/wp-json\/wp\/v2\/categories?post=513"},{"taxonomy":"post_tag","embeddable":true,"href":"https:\/\/fpmaam.org\/ministere2\/wp-json\/wp\/v2\/tags?post=513"}],"curies":[{"name":"wp","href":"https:\/\/api.w.org\/{rel}","templated":true}]}}