{"id":575,"date":"2011-09-13T22:57:51","date_gmt":"2011-09-13T22:57:51","guid":{"rendered":"http:\/\/fpmaaixmarseille.free.fr\/fpmaam\/?p=575"},"modified":"2013-08-03T23:26:03","modified_gmt":"2013-08-03T23:26:03","slug":"dieu-renouvelle-t-il-l%e2%80%99homme","status":"publish","type":"post","link":"https:\/\/fpmaam.org\/ministere2\/2011\/09\/13\/dieu-renouvelle-t-il-l%e2%80%99homme\/","title":{"rendered":"Dieu renouvelle-t-il l\u2019homme ?"},"content":{"rendered":"<p><a href=\"https:\/\/fpmaam.org\/ministere\/wp-content\/uploads\/2011\/09\/forgive.jpg\"><br \/>\n<\/a><\/p>\n<p style=\"text-align: justify;\"><em><a href=\"https:\/\/fpmaam.org\/ministere\/wp-content\/uploads\/2011\/09\/forgive.jpg\"><img loading=\"lazy\" decoding=\"async\" title=\"forgive\" alt=\"\" src=\"https:\/\/fpmaam.org\/ministere\/wp-content\/uploads\/2011\/09\/forgive.jpg\" width=\"432\" height=\"288\" \/><\/a>Quand les fr\u00e8res de Joseph virent que leur p\u00e8re \u00e9tait mort, ils dirent\u00a0: Si Joseph nous prenait en haine, et nous rendait tout le mal que nous lui avons fait\u00a0! Et ils firent dire \u00e0 Joseph\u00a0: Ton p\u00e8re a donn\u00e9 cet ordre avant de mourir\u00a0: Vous parlerez ainsi \u00e0 Joseph\u00a0: Oh\u00a0! Pardonne le crime de tes fr\u00e8res et leur p\u00e9ch\u00e9, car ils t\u2019ont fait du mal\u00a0! Pardonne maintenant le p\u00e9ch\u00e9 des serviteurs du Dieu de ton p\u00e8re\u00a0! Joseph pleura, en entendant ces paroles. <\/em><\/p>\n<p style=\"text-align: justify;\"><em>Ses fr\u00e8res vinrent eux-m\u00eames se prosterner devant lui, et ils dirent\u00a0: Nous sommes tes serviteurs.<\/em><\/p>\n<p style=\"text-align: justify;\"><em>Joseph leur dit\u00a0: Soyez sans crainte\u00a0; car suis-je \u00e0 la place de Dieu\u00a0? Vous aviez m\u00e9dit\u00e9 de me faire du mal\u00a0: Dieu l\u2019a chang\u00e9 en bien, pour accomplir ce qui arrive aujourd\u2019hui, pour sauver la vie \u00e0 un peuple nombreux. Soyez donc sans crainte\u00a0; je vous entretiendrai, vous et vos enfants. Et il les consola, en parlant \u00e0 leur c\u0153ur.<\/em><\/p>\n<p style=\"text-align: right;\"><em>Gen\u00e8se 50\u00a0: 15-21<\/em><\/p>\n<p style=\"text-align: justify;\"><em><span style=\"font-family: Arial Narrow; color: #808080;\">\u00a0<\/span><\/em><em>En effet, nul de nous ne vit pour lui-m\u00eame, et nul ne meurt pour lui-m\u00eame. Car si nous vivons, nous vivons pour le Seigneur\u00a0; et si nous mourrons, nous mourrons pour le Seigneur. Soit donc que nous vivions, soit que nous mourions, nous sommes au Seigneur. Car Christ est mort et il a v\u00e9cu, afin de dominer sur les morts et sur les vivants.<\/em><\/p>\n<p style=\"text-align: right;\"><em>Romains 14\u00a0: 7-9<\/em><\/p>\n<p style=\"text-align: justify;\"><em><span style=\"font-family: Arial Narrow; color: #808080;\">\u00a0<\/span><\/em><em>Alors Pierre s\u2019approcha de lui, et dit\u00a0: Seigneur, combien de fois pardonnerai-je \u00e0 mon fr\u00e8re, lorsqu\u2019il p\u00e9chera contre moi\u00a0? Sera-ce jusqu\u2019\u00e0 sept fois\u00a0?<\/em><\/p>\n<p style=\"text-align: justify;\"><em>J\u00e9sus lui dit\u00a0: Je ne te dis pas jusqu\u2019\u00e0 sept fois, mais jusqu\u2019\u00e0 septante fois sept fois.<\/em><\/p>\n<p style=\"text-align: justify;\"><em>C\u2019est pourquoi, le royaume des cieux est semblable \u00e0 un roi qui voulut faire rendre compte \u00e0 ses serviteurs. Quand il se mit \u00e0 compter, on lui en amena un qui devait dix mille talents. Comme il n\u2019avait pas de quoi payer, son ma\u00eetre ordonna qu\u2019il f\u00fbt vendu, lui, sa femme, ses enfants, et tout ce qu\u2019il avait, et que la dette f\u00fbt acquitt\u00e9e.<\/em><\/p>\n<p style=\"text-align: justify;\"><em>Le serviteur, se jetant \u00e0 terre, se prosterna devant lui, et dit\u00a0: Seigneur, aie patience envers moi, et je te paierai tout. Emu de compassion, le ma\u00eetre de ce serviteur le laissa aller, et lui remit la dette.<\/em><\/p>\n<p style=\"text-align: justify;\"><em>Apr\u00e8s qu\u2019il fut sorti, ce serviteur rencontra un des compagnons qui lui devait cent deniers. Il le saisit et l\u2019\u00e9tranglait, en disant\u00a0: Paie ce que tu me dois.<\/em><\/p>\n<p style=\"text-align: justify;\"><em>Son compagnon, se jetant \u00e0 terre, le suppliait, disant\u00a0: Aie patience envers moi, et je te paierai.<\/em><\/p>\n<p style=\"text-align: justify;\"><em>Mais l\u2019autre ne voulut pas, et il alla le jeter en prison, jusqu\u2019\u00e0 ce qu\u2019il e\u00fbt pay\u00e9 ce qu\u2019il devait. Ses compagnons, ayant vu ce qui \u00e9tait arriv\u00e9, furent profond\u00e9ment attrist\u00e9s, et ils all\u00e8rent raconter \u00e0 leur ma\u00eetre tout ce qui s\u2019est pass\u00e9.<\/em><\/p>\n<p style=\"text-align: justify;\"><em>Alors le ma\u00eetre fit appeler ce serviteur, et lui dit\u00a0: M\u00e9chant serviteur, je t\u2019avais remis en entier ta dette, parce que tu m\u2019en avais suppli\u00e9\u00a0; ne devais-tu pas aussi avoir piti\u00e9 de ton compagnon, comme j\u2019ai eu piti\u00e9 de toi\u00a0? Et son ma\u00eetre, irrit\u00e9, le livra aux bourreaux, jusqu\u2019\u00e0 ce qu\u2019il e\u00fbt pay\u00e9 tout ce qu\u2019il devait.<\/em><\/p>\n<p style=\"text-align: justify;\"><em>C\u2019est ainsi que mon P\u00e8re c\u00e9leste vous traitera, si chacun de vous ne pardonne \u00e0 son fr\u00e8re de tout son c\u0153ur.<\/em><\/p>\n<p style=\"text-align: right;\"><em>Matthieu 18\u00a0: 21-35<\/em><\/p>\n<p><span style=\"font-family: Arial Narrow; color: #000000;\">\u00a0<\/span><\/p>\n<p><strong>Dieu renouvelle-t-il l\u2019homme\u00a0?<\/strong><\/p>\n<p><span style=\"font-family: Arial Narrow; color: #000000;\">\u00a0<\/span><\/p>\n<p><span style=\"color: #000000;\">Nous nous posons beaucoup de questions, Quels choix faire\u00a0? Vers quoi s\u2019orienter\u00a0?&#8230;<\/span><\/p>\n<p><span style=\"font-family: Arial Narrow; color: #000000;\">\u00a0<\/span><\/p>\n<p><em>Alors Pierre s\u2019approcha de lui, et dit\u00a0: Seigneur, combien de fois pardonnerai-je \u00e0 mon fr\u00e8re, lorsqu\u2019il p\u00e9chera contre moi\u00a0? Sera-ce jusqu\u2019\u00e0 sept fois\u00a0?<\/em><\/p>\n<p><em>J\u00e9sus lui dit\u00a0: Je ne te dis pas jusqu\u2019\u00e0 sept fois, mais jusqu\u2019\u00e0 septante fois sept fois.<\/em><\/p>\n<p><em>(Mat 18\u00a0:21)<\/em><\/p>\n<p><span style=\"font-family: Arial Narrow; color: #000000;\">\u00a0<\/span><\/p>\n<p><span style=\"color: #000000;\">J\u00e9sus a une intelligence qui surpasse toute intelligence, il r\u00e9pondit ainsi\u00a0: 7 fois 7 fois<\/span><\/p>\n<p><span style=\"font-family: Arial Narrow; color: #000000;\">\u00a0<\/span><\/p>\n<p><span style=\"color: #000000;\">Il nous exhorte dans ce passage a toujours pardonn\u00e9s les fautes de nos fr\u00e8res. A chaque trahison nous nous devons en tant que chr\u00e9tien pardonner \u00e0 notre prochain.<\/span><\/p>\n<p><span style=\"color: #000000;\">Cela est tr\u00e8s difficile pour nous humains \u00e0 mettre en pratique.<\/span><\/p>\n<p><span style=\"color: #000000;\">Mais ce passage nous pousse \u00e0 nous poser une question fondamentale\u00a0: et nous comment est-ce qu\u2019on se positionne par rapport \u00e0 ce commandement\u00a0? Le mettons-nous r\u00e9ellement en pratique dans notre vie personnelle\u00a0?<\/span><\/p>\n<p><span style=\"font-family: Arial Narrow; color: #000000;\">\u00a0<\/span><span style=\"color: #000000;\">Un exemple simple, croyons-nous r\u00e9ellement en la confession des p\u00e9ch\u00e9s que nous disons chaque dimanche\u00a0? Sommes-nous vraiment sinc\u00e8re\u00a0? ou est-ce que c\u2019est juste une habitude\u00a0?<\/span><\/p>\n<p><span style=\"color: #000000;\">Il nous faut garder \u00e0 l\u2019esprit que rien n\u2019est cach\u00e9 aux yeux de Dieu. <\/span><\/p>\n<p><span style=\"color: #000000;\">Dieu sait tout, il voit tout\u00a0!<\/span><\/p>\n<p><span style=\"font-family: Arial Narrow; color: #000000;\">\u00a0<\/span><\/p>\n<p><span style=\"color: #000000;\">En tant que chr\u00e9tien, notre devoir est de pardonner en toute circonstance autours de nous. C\u2019est la volont\u00e9 de Dieu.<\/span><\/p>\n<p><span style=\"font-family: Arial Narrow; color: #000000;\">\u00a0<\/span><\/p>\n<p><em>En effet, nul de nous ne vit pour lui-m\u00eame, et nul ne meurt pour lui-m\u00eame. Car si nous vivons, nous vivons pour le Seigneur\u00a0; et si nous mourrons, nous mourrons pour le Seigneur. Soit donc que nous vivions, soit que nous mourions, nous sommes au Seigneur. Car Christ est mort et il a v\u00e9cu, afin de dominer sur les morts et sur les vivants.<\/em><\/p>\n<p><em>Romains 14\u00a0: 7-9<\/em><\/p>\n<p><span style=\"font-family: Arial Narrow; color: #000000;\">\u00a0<\/span><\/p>\n<p><span style=\"color: #000000;\">Ce passage nous enseigne que nous devons enti\u00e8rement remettre notre vie entre les mains de Dieu. Ne croyons pas que notre Seigneur est mort ou endormie, Il est ressuscit\u00e9 et Il demeure \u00e0 toujours.<\/span><\/p>\n<p><span style=\"font-family: Arial Narrow; color: #000000;\">\u00a0<\/span><\/p>\n<p><span style=\"color: #000000;\">Dans le passage de Matthieu lu pr\u00e9c\u00e9demment, Dieu veut nous faire r\u00e9fl\u00e9chir sur le pardon \u00e0 autrui.<\/span><\/p>\n<p><span style=\"font-family: Arial Narrow; color: #000000;\">\u00a0<\/span><\/p>\n<p><span style=\"color: #000000;\">Et dans le passage des Epitres de Paul aux Romains, Il veut nous rappeler que nous ne vivons pas pour nous mais nous appartenons au Seigneur, m\u00eame si on se fourvoie souvent en se disant qu\u2019on sait mieux que quiconque ce qui est bon pour nous (\u00e9tudes, situation professionnelle, familiale\u2026) et que nous sommes les seuls ma\u00eetres de notre vie. Sauf que cela est \u00e9go\u00efste car on ne pense qu\u2019\u00e0 soi.<\/span><\/p>\n<p><span style=\"color: #000000;\">Lorsque nous acceptons le Seigneur dans notre vie que ce soit par le bapt\u00eame ou la confirmation, nous donnons notre vie \u00e0 Dieu. <\/span><\/p>\n<p><span style=\"font-family: Arial Narrow; color: #000000;\">\u00a0<\/span><span style=\"color: #000000;\">M\u00eame si nous avons tout ce dont on souhaite dans notre vie, nous devons consacrer notre vie \u00e0 Dieu.<\/span><\/p>\n<p><span style=\"color: #000000;\">Nous avons une place dans la communaut\u00e9 de Dieu.<\/span><\/p>\n<p><span style=\"font-family: Arial Narrow; color: #000000;\">\u00a0<\/span><\/p>\n<p><span style=\"color: #000000;\">Nous devons nous efforcer \u00e0 vivre selon ses pr\u00e9ceptes, \u00e0 vivre selon sa volont\u00e9.<\/span><\/p>\n<p><span style=\"color: #000000;\">Nous devons nous poser et faire le point sur notre vie. Consid\u00e9rer si nous allons continuer \u00e0 vivre selon les principes du monde ou si on le laisse nous fa\u00e7onner.<\/span><\/p>\n<p><span style=\"color: #000000;\">Ainsi, posons-nous cette question fondamentale\u00a0: quelle est ma place dans l\u2019avancement du royaume de Dieu\u00a0?<\/span><\/p>\n<p><span style=\"color: #000000;\">Chacun \u00e0 sa place dans la communaut\u00e9, que ce soit dans l\u2019\u00e9glise ou dans un sampana.<\/span><\/p>\n<p><span style=\"color: #000000;\">N\u2019oublions pas que la Gr\u00e2ce est gratuite, alors nous nous devons de la partager.<\/span><\/p>\n<p><span style=\"font-family: Arial Narrow; color: #000000;\">\u00a0<\/span><strong><span style=\"color: #000000;\">Dieu nous a tout donn\u00e9 et nous que lui rendons-nous en retour\u00a0?<\/span><\/strong><\/p>\n<p><span style=\"font-family: Arial Narrow; color: #000000;\">\u00a0<\/span><\/p>\n<p><span style=\"text-decoration: underline;\"><span style=\"color: #000000;\">Ce qu\u2019il faut retenir\u00a0:<\/span><\/span><\/p>\n<p><span style=\"color: #000000;\">Pouvons-nous nous repentir de nos fautes, sommes-nous en paix\u00a0? Avons-nous pardonn\u00e9 certainement les offenses subies par nos fr\u00e8res\u00a0?<\/span><\/p>\n<p><span style=\"font-family: Arial Narrow; color: #000000;\">\u00a0<\/span><span style=\"color: #000000;\">Il nous donne des jours, il nous pr\u00e9pare une place \u00e0 ses c\u00f4t\u00e9s, ainsi qu\u2019est-ce qui nous emp\u00eache d\u2019en faire plus chaque jour pour le suivre\u00a0et pour \u00eatre \u00e0 son service ?<\/span><\/p>\n<p><span style=\"font-family: Arial Narrow; color: #000000;\">\u00a0<\/span><\/p>\n<p><span style=\"color: #000000;\">Il nous b\u00e9ni chaque jour, par l\u2019\u0153uvre de son Saint-Esprit. R\u00e9jouissons-nous car Il nous couvre de b\u00e9n\u00e9dictions, et<\/span><span style=\"font-family: Arial Narrow;\"><span style=\"color: #000000;\">\u00a0 <\/span><span style=\"color: #000000;\">parce qu\u2019Il nous a pardonn\u00e9. Alors c\u2019est avec un c\u0153ur remplit de joie que nous pouvons le remercier.<\/span><\/span><\/p>\n<p><span style=\"font-family: Arial Narrow;\"><span style=\"color: #000000;\">\u00a0<\/span><\/span><\/p>\n<p><span style=\"font-family: Arial Narrow;\"><span style=\"color: #000000;\">D&rsquo;apr\u00e8s la pr\u00e9dication du Pasteur Randria &#8211; 11 septembre 2011\u00a0<\/span><\/span><\/p>\n<p><span style=\"font-family: Arial Narrow; color: #000000;\">\u00a0<\/span><\/p>\n","protected":false},"excerpt":{"rendered":"<p>Quand les fr\u00e8res de Joseph virent que leur p\u00e8re \u00e9tait mort, ils dirent\u00a0: Si Joseph nous prenait en haine, et nous rendait tout le mal que nous lui avons fait\u00a0! Et ils firent dire \u00e0 Joseph\u00a0: Ton p\u00e8re a donn\u00e9 cet ordre avant de mourir\u00a0: Vous parlerez ainsi \u00e0 Joseph\u00a0: Oh\u00a0! Pardonne le crime de &hellip; <a href=\"https:\/\/fpmaam.org\/ministere2\/2011\/09\/13\/dieu-renouvelle-t-il-l%e2%80%99homme\/\" class=\"more-link\">Continuer la lecture<span class=\"screen-reader-text\"> de &laquo;&nbsp;Dieu renouvelle-t-il l\u2019homme ?&nbsp;&raquo;<\/span><\/a><\/p>\n","protected":false},"author":2,"featured_media":0,"comment_status":"open","ping_status":"open","sticky":false,"template":"","format":"standard","meta":{"footnotes":""},"categories":[],"tags":[],"class_list":["post-575","post","type-post","status-publish","format-standard","hentry"],"yoast_head":"<!-- This site is optimized with the Yoast SEO plugin v26.8 - https:\/\/yoast.com\/product\/yoast-seo-wordpress\/ -->\n<title>Dieu renouvelle-t-il l\u2019homme ? - FPMA Aix Marseille - EGLISE PROTESTANTE MALGACHE EN FRANCE<\/title>\n<meta name=\"robots\" content=\"index, follow, max-snippet:-1, max-image-preview:large, max-video-preview:-1\" \/>\n<link rel=\"canonical\" href=\"https:\/\/fpmaam.org\/ministere2\/2011\/09\/13\/dieu-renouvelle-t-il-l\u2019homme\/\" \/>\n<meta property=\"og:locale\" content=\"fr_FR\" \/>\n<meta property=\"og:type\" content=\"article\" \/>\n<meta property=\"og:title\" content=\"Dieu renouvelle-t-il l\u2019homme ? - FPMA Aix Marseille - EGLISE PROTESTANTE MALGACHE EN FRANCE\" \/>\n<meta property=\"og:description\" content=\"Quand les fr\u00e8res de Joseph virent que leur p\u00e8re \u00e9tait mort, ils dirent\u00a0: Si Joseph nous prenait en haine, et nous rendait tout le mal que nous lui avons fait\u00a0! Et ils firent dire \u00e0 Joseph\u00a0: Ton p\u00e8re a donn\u00e9 cet ordre avant de mourir\u00a0: Vous parlerez ainsi \u00e0 Joseph\u00a0: Oh\u00a0! Pardonne le crime de &hellip; Continuer la lecture de &laquo;&nbsp;Dieu renouvelle-t-il l\u2019homme ?&nbsp;&raquo;\" \/>\n<meta property=\"og:url\" content=\"https:\/\/fpmaam.org\/ministere2\/2011\/09\/13\/dieu-renouvelle-t-il-l\u2019homme\/\" \/>\n<meta property=\"og:site_name\" content=\"FPMA Aix Marseille - EGLISE PROTESTANTE MALGACHE EN FRANCE\" \/>\n<meta property=\"article:published_time\" content=\"2011-09-13T22:57:51+00:00\" \/>\n<meta property=\"article:modified_time\" content=\"2013-08-03T23:26:03+00:00\" \/>\n<meta property=\"og:image\" content=\"https:\/\/fpmaam.org\/ministere\/wp-content\/uploads\/2011\/09\/forgive.jpg\" \/>\n<meta name=\"author\" content=\"president\" \/>\n<meta name=\"twitter:card\" content=\"summary_large_image\" \/>\n<meta name=\"twitter:label1\" content=\"\u00c9crit par\" \/>\n\t<meta name=\"twitter:data1\" content=\"president\" \/>\n\t<meta name=\"twitter:label2\" content=\"Dur\u00e9e de lecture estim\u00e9e\" \/>\n\t<meta name=\"twitter:data2\" content=\"6 minutes\" \/>\n<script type=\"application\/ld+json\" class=\"yoast-schema-graph\">{\"@context\":\"https:\/\/schema.org\",\"@graph\":[{\"@type\":\"Article\",\"@id\":\"https:\/\/fpmaam.org\/ministere2\/2011\/09\/13\/dieu-renouvelle-t-il-l%e2%80%99homme\/#article\",\"isPartOf\":{\"@id\":\"https:\/\/fpmaam.org\/ministere2\/2011\/09\/13\/dieu-renouvelle-t-il-l%e2%80%99homme\/\"},\"author\":{\"name\":\"president\",\"@id\":\"https:\/\/fpmaam.org\/ministere2\/#\/schema\/person\/ff56433fcd98f0093229506e2c1cfd58\"},\"headline\":\"Dieu renouvelle-t-il l\u2019homme ?\",\"datePublished\":\"2011-09-13T22:57:51+00:00\",\"dateModified\":\"2013-08-03T23:26:03+00:00\",\"mainEntityOfPage\":{\"@id\":\"https:\/\/fpmaam.org\/ministere2\/2011\/09\/13\/dieu-renouvelle-t-il-l%e2%80%99homme\/\"},\"wordCount\":1275,\"commentCount\":0,\"publisher\":{\"@id\":\"https:\/\/fpmaam.org\/ministere2\/#organization\"},\"image\":{\"@id\":\"https:\/\/fpmaam.org\/ministere2\/2011\/09\/13\/dieu-renouvelle-t-il-l%e2%80%99homme\/#primaryimage\"},\"thumbnailUrl\":\"https:\/\/fpmaam.org\/ministere\/wp-content\/uploads\/2011\/09\/forgive.jpg\",\"inLanguage\":\"fr-FR\",\"potentialAction\":[{\"@type\":\"CommentAction\",\"name\":\"Comment\",\"target\":[\"https:\/\/fpmaam.org\/ministere2\/2011\/09\/13\/dieu-renouvelle-t-il-l%e2%80%99homme\/#respond\"]}]},{\"@type\":\"WebPage\",\"@id\":\"https:\/\/fpmaam.org\/ministere2\/2011\/09\/13\/dieu-renouvelle-t-il-l%e2%80%99homme\/\",\"url\":\"https:\/\/fpmaam.org\/ministere2\/2011\/09\/13\/dieu-renouvelle-t-il-l%e2%80%99homme\/\",\"name\":\"Dieu renouvelle-t-il l\u2019homme ? - FPMA Aix Marseille - EGLISE PROTESTANTE MALGACHE EN FRANCE\",\"isPartOf\":{\"@id\":\"https:\/\/fpmaam.org\/ministere2\/#website\"},\"primaryImageOfPage\":{\"@id\":\"https:\/\/fpmaam.org\/ministere2\/2011\/09\/13\/dieu-renouvelle-t-il-l%e2%80%99homme\/#primaryimage\"},\"image\":{\"@id\":\"https:\/\/fpmaam.org\/ministere2\/2011\/09\/13\/dieu-renouvelle-t-il-l%e2%80%99homme\/#primaryimage\"},\"thumbnailUrl\":\"https:\/\/fpmaam.org\/ministere\/wp-content\/uploads\/2011\/09\/forgive.jpg\",\"datePublished\":\"2011-09-13T22:57:51+00:00\",\"dateModified\":\"2013-08-03T23:26:03+00:00\",\"breadcrumb\":{\"@id\":\"https:\/\/fpmaam.org\/ministere2\/2011\/09\/13\/dieu-renouvelle-t-il-l%e2%80%99homme\/#breadcrumb\"},\"inLanguage\":\"fr-FR\",\"potentialAction\":[{\"@type\":\"ReadAction\",\"target\":[\"https:\/\/fpmaam.org\/ministere2\/2011\/09\/13\/dieu-renouvelle-t-il-l%e2%80%99homme\/\"]}]},{\"@type\":\"ImageObject\",\"inLanguage\":\"fr-FR\",\"@id\":\"https:\/\/fpmaam.org\/ministere2\/2011\/09\/13\/dieu-renouvelle-t-il-l%e2%80%99homme\/#primaryimage\",\"url\":\"https:\/\/fpmaam.org\/ministere\/wp-content\/uploads\/2011\/09\/forgive.jpg\",\"contentUrl\":\"https:\/\/fpmaam.org\/ministere\/wp-content\/uploads\/2011\/09\/forgive.jpg\"},{\"@type\":\"BreadcrumbList\",\"@id\":\"https:\/\/fpmaam.org\/ministere2\/2011\/09\/13\/dieu-renouvelle-t-il-l%e2%80%99homme\/#breadcrumb\",\"itemListElement\":[{\"@type\":\"ListItem\",\"position\":1,\"name\":\"Accueil\",\"item\":\"https:\/\/fpmaam.org\/ministere2\/\"},{\"@type\":\"ListItem\",\"position\":2,\"name\":\"Dieu renouvelle-t-il l\u2019homme ?\"}]},{\"@type\":\"WebSite\",\"@id\":\"https:\/\/fpmaam.org\/ministere2\/#website\",\"url\":\"https:\/\/fpmaam.org\/ministere2\/\",\"name\":\"FPMA Aix Marseille - EGLISE PROTESTANTE MALGACHE EN FRANCE\",\"description\":\"\",\"publisher\":{\"@id\":\"https:\/\/fpmaam.org\/ministere2\/#organization\"},\"potentialAction\":[{\"@type\":\"SearchAction\",\"target\":{\"@type\":\"EntryPoint\",\"urlTemplate\":\"https:\/\/fpmaam.org\/ministere2\/?s={search_term_string}\"},\"query-input\":{\"@type\":\"PropertyValueSpecification\",\"valueRequired\":true,\"valueName\":\"search_term_string\"}}],\"inLanguage\":\"fr-FR\"},{\"@type\":\"Organization\",\"@id\":\"https:\/\/fpmaam.org\/ministere2\/#organization\",\"name\":\"FPMA Aix Marseille - EGLISE PROTESTANTE MALGACHE EN FRANCE\",\"url\":\"https:\/\/fpmaam.org\/ministere2\/\",\"logo\":{\"@type\":\"ImageObject\",\"inLanguage\":\"fr-FR\",\"@id\":\"https:\/\/fpmaam.org\/ministere2\/#\/schema\/logo\/image\/\",\"url\":\"https:\/\/fpmaam.org\/ministere2\/wp-content\/uploads\/2025\/03\/cropped-fpmaam_logo.png\",\"contentUrl\":\"https:\/\/fpmaam.org\/ministere2\/wp-content\/uploads\/2025\/03\/cropped-fpmaam_logo.png\",\"width\":240,\"height\":240,\"caption\":\"FPMA Aix Marseille - EGLISE PROTESTANTE MALGACHE EN FRANCE\"},\"image\":{\"@id\":\"https:\/\/fpmaam.org\/ministere2\/#\/schema\/logo\/image\/\"}},{\"@type\":\"Person\",\"@id\":\"https:\/\/fpmaam.org\/ministere2\/#\/schema\/person\/ff56433fcd98f0093229506e2c1cfd58\",\"name\":\"president\",\"image\":{\"@type\":\"ImageObject\",\"inLanguage\":\"fr-FR\",\"@id\":\"https:\/\/fpmaam.org\/ministere2\/#\/schema\/person\/image\/\",\"url\":\"https:\/\/secure.gravatar.com\/avatar\/334ab7435658a8ecc66527fd509ef3f5?s=96&d=mm&r=g\",\"contentUrl\":\"https:\/\/secure.gravatar.com\/avatar\/334ab7435658a8ecc66527fd509ef3f5?s=96&d=mm&r=g\",\"caption\":\"president\"},\"url\":\"https:\/\/fpmaam.org\/ministere2\/author\/president\/\"}]}<\/script>\n<!-- \/ Yoast SEO plugin. -->","yoast_head_json":{"title":"Dieu renouvelle-t-il l\u2019homme ? - FPMA Aix Marseille - EGLISE PROTESTANTE MALGACHE EN FRANCE","robots":{"index":"index","follow":"follow","max-snippet":"max-snippet:-1","max-image-preview":"max-image-preview:large","max-video-preview":"max-video-preview:-1"},"canonical":"https:\/\/fpmaam.org\/ministere2\/2011\/09\/13\/dieu-renouvelle-t-il-l\u2019homme\/","og_locale":"fr_FR","og_type":"article","og_title":"Dieu renouvelle-t-il l\u2019homme ? - FPMA Aix Marseille - EGLISE PROTESTANTE MALGACHE EN FRANCE","og_description":"Quand les fr\u00e8res de Joseph virent que leur p\u00e8re \u00e9tait mort, ils dirent\u00a0: Si Joseph nous prenait en haine, et nous rendait tout le mal que nous lui avons fait\u00a0! Et ils firent dire \u00e0 Joseph\u00a0: Ton p\u00e8re a donn\u00e9 cet ordre avant de mourir\u00a0: Vous parlerez ainsi \u00e0 Joseph\u00a0: Oh\u00a0! Pardonne le crime de &hellip; Continuer la lecture de &laquo;&nbsp;Dieu renouvelle-t-il l\u2019homme ?&nbsp;&raquo;","og_url":"https:\/\/fpmaam.org\/ministere2\/2011\/09\/13\/dieu-renouvelle-t-il-l\u2019homme\/","og_site_name":"FPMA Aix Marseille - EGLISE PROTESTANTE MALGACHE EN FRANCE","article_published_time":"2011-09-13T22:57:51+00:00","article_modified_time":"2013-08-03T23:26:03+00:00","og_image":[{"url":"https:\/\/fpmaam.org\/ministere\/wp-content\/uploads\/2011\/09\/forgive.jpg","type":"","width":"","height":""}],"author":"president","twitter_card":"summary_large_image","twitter_misc":{"\u00c9crit par":"president","Dur\u00e9e de lecture estim\u00e9e":"6 minutes"},"schema":{"@context":"https:\/\/schema.org","@graph":[{"@type":"Article","@id":"https:\/\/fpmaam.org\/ministere2\/2011\/09\/13\/dieu-renouvelle-t-il-l%e2%80%99homme\/#article","isPartOf":{"@id":"https:\/\/fpmaam.org\/ministere2\/2011\/09\/13\/dieu-renouvelle-t-il-l%e2%80%99homme\/"},"author":{"name":"president","@id":"https:\/\/fpmaam.org\/ministere2\/#\/schema\/person\/ff56433fcd98f0093229506e2c1cfd58"},"headline":"Dieu renouvelle-t-il l\u2019homme ?","datePublished":"2011-09-13T22:57:51+00:00","dateModified":"2013-08-03T23:26:03+00:00","mainEntityOfPage":{"@id":"https:\/\/fpmaam.org\/ministere2\/2011\/09\/13\/dieu-renouvelle-t-il-l%e2%80%99homme\/"},"wordCount":1275,"commentCount":0,"publisher":{"@id":"https:\/\/fpmaam.org\/ministere2\/#organization"},"image":{"@id":"https:\/\/fpmaam.org\/ministere2\/2011\/09\/13\/dieu-renouvelle-t-il-l%e2%80%99homme\/#primaryimage"},"thumbnailUrl":"https:\/\/fpmaam.org\/ministere\/wp-content\/uploads\/2011\/09\/forgive.jpg","inLanguage":"fr-FR","potentialAction":[{"@type":"CommentAction","name":"Comment","target":["https:\/\/fpmaam.org\/ministere2\/2011\/09\/13\/dieu-renouvelle-t-il-l%e2%80%99homme\/#respond"]}]},{"@type":"WebPage","@id":"https:\/\/fpmaam.org\/ministere2\/2011\/09\/13\/dieu-renouvelle-t-il-l%e2%80%99homme\/","url":"https:\/\/fpmaam.org\/ministere2\/2011\/09\/13\/dieu-renouvelle-t-il-l%e2%80%99homme\/","name":"Dieu renouvelle-t-il l\u2019homme ? - FPMA Aix Marseille - EGLISE PROTESTANTE MALGACHE EN FRANCE","isPartOf":{"@id":"https:\/\/fpmaam.org\/ministere2\/#website"},"primaryImageOfPage":{"@id":"https:\/\/fpmaam.org\/ministere2\/2011\/09\/13\/dieu-renouvelle-t-il-l%e2%80%99homme\/#primaryimage"},"image":{"@id":"https:\/\/fpmaam.org\/ministere2\/2011\/09\/13\/dieu-renouvelle-t-il-l%e2%80%99homme\/#primaryimage"},"thumbnailUrl":"https:\/\/fpmaam.org\/ministere\/wp-content\/uploads\/2011\/09\/forgive.jpg","datePublished":"2011-09-13T22:57:51+00:00","dateModified":"2013-08-03T23:26:03+00:00","breadcrumb":{"@id":"https:\/\/fpmaam.org\/ministere2\/2011\/09\/13\/dieu-renouvelle-t-il-l%e2%80%99homme\/#breadcrumb"},"inLanguage":"fr-FR","potentialAction":[{"@type":"ReadAction","target":["https:\/\/fpmaam.org\/ministere2\/2011\/09\/13\/dieu-renouvelle-t-il-l%e2%80%99homme\/"]}]},{"@type":"ImageObject","inLanguage":"fr-FR","@id":"https:\/\/fpmaam.org\/ministere2\/2011\/09\/13\/dieu-renouvelle-t-il-l%e2%80%99homme\/#primaryimage","url":"https:\/\/fpmaam.org\/ministere\/wp-content\/uploads\/2011\/09\/forgive.jpg","contentUrl":"https:\/\/fpmaam.org\/ministere\/wp-content\/uploads\/2011\/09\/forgive.jpg"},{"@type":"BreadcrumbList","@id":"https:\/\/fpmaam.org\/ministere2\/2011\/09\/13\/dieu-renouvelle-t-il-l%e2%80%99homme\/#breadcrumb","itemListElement":[{"@type":"ListItem","position":1,"name":"Accueil","item":"https:\/\/fpmaam.org\/ministere2\/"},{"@type":"ListItem","position":2,"name":"Dieu renouvelle-t-il l\u2019homme ?"}]},{"@type":"WebSite","@id":"https:\/\/fpmaam.org\/ministere2\/#website","url":"https:\/\/fpmaam.org\/ministere2\/","name":"FPMA Aix Marseille - EGLISE PROTESTANTE MALGACHE EN FRANCE","description":"","publisher":{"@id":"https:\/\/fpmaam.org\/ministere2\/#organization"},"potentialAction":[{"@type":"SearchAction","target":{"@type":"EntryPoint","urlTemplate":"https:\/\/fpmaam.org\/ministere2\/?s={search_term_string}"},"query-input":{"@type":"PropertyValueSpecification","valueRequired":true,"valueName":"search_term_string"}}],"inLanguage":"fr-FR"},{"@type":"Organization","@id":"https:\/\/fpmaam.org\/ministere2\/#organization","name":"FPMA Aix Marseille - EGLISE PROTESTANTE MALGACHE EN FRANCE","url":"https:\/\/fpmaam.org\/ministere2\/","logo":{"@type":"ImageObject","inLanguage":"fr-FR","@id":"https:\/\/fpmaam.org\/ministere2\/#\/schema\/logo\/image\/","url":"https:\/\/fpmaam.org\/ministere2\/wp-content\/uploads\/2025\/03\/cropped-fpmaam_logo.png","contentUrl":"https:\/\/fpmaam.org\/ministere2\/wp-content\/uploads\/2025\/03\/cropped-fpmaam_logo.png","width":240,"height":240,"caption":"FPMA Aix Marseille - EGLISE PROTESTANTE MALGACHE EN FRANCE"},"image":{"@id":"https:\/\/fpmaam.org\/ministere2\/#\/schema\/logo\/image\/"}},{"@type":"Person","@id":"https:\/\/fpmaam.org\/ministere2\/#\/schema\/person\/ff56433fcd98f0093229506e2c1cfd58","name":"president","image":{"@type":"ImageObject","inLanguage":"fr-FR","@id":"https:\/\/fpmaam.org\/ministere2\/#\/schema\/person\/image\/","url":"https:\/\/secure.gravatar.com\/avatar\/334ab7435658a8ecc66527fd509ef3f5?s=96&d=mm&r=g","contentUrl":"https:\/\/secure.gravatar.com\/avatar\/334ab7435658a8ecc66527fd509ef3f5?s=96&d=mm&r=g","caption":"president"},"url":"https:\/\/fpmaam.org\/ministere2\/author\/president\/"}]}},"_links":{"self":[{"href":"https:\/\/fpmaam.org\/ministere2\/wp-json\/wp\/v2\/posts\/575","targetHints":{"allow":["GET"]}}],"collection":[{"href":"https:\/\/fpmaam.org\/ministere2\/wp-json\/wp\/v2\/posts"}],"about":[{"href":"https:\/\/fpmaam.org\/ministere2\/wp-json\/wp\/v2\/types\/post"}],"author":[{"embeddable":true,"href":"https:\/\/fpmaam.org\/ministere2\/wp-json\/wp\/v2\/users\/2"}],"replies":[{"embeddable":true,"href":"https:\/\/fpmaam.org\/ministere2\/wp-json\/wp\/v2\/comments?post=575"}],"version-history":[{"count":9,"href":"https:\/\/fpmaam.org\/ministere2\/wp-json\/wp\/v2\/posts\/575\/revisions"}],"predecessor-version":[{"id":1504,"href":"https:\/\/fpmaam.org\/ministere2\/wp-json\/wp\/v2\/posts\/575\/revisions\/1504"}],"wp:attachment":[{"href":"https:\/\/fpmaam.org\/ministere2\/wp-json\/wp\/v2\/media?parent=575"}],"wp:term":[{"taxonomy":"category","embeddable":true,"href":"https:\/\/fpmaam.org\/ministere2\/wp-json\/wp\/v2\/categories?post=575"},{"taxonomy":"post_tag","embeddable":true,"href":"https:\/\/fpmaam.org\/ministere2\/wp-json\/wp\/v2\/tags?post=575"}],"curies":[{"name":"wp","href":"https:\/\/api.w.org\/{rel}","templated":true}]}}