{"id":602,"date":"2011-11-16T22:14:30","date_gmt":"2011-11-16T21:14:30","guid":{"rendered":"http:\/\/fpmaaixmarseille.free.fr\/fpmaam\/?p=602"},"modified":"2011-11-16T22:14:30","modified_gmt":"2011-11-16T21:14:30","slug":"dimanche-27-novembre-2011-erf-grignan-a-15h30-concert-de-louanges","status":"publish","type":"post","link":"https:\/\/fpmaam.org\/ministere2\/2011\/11\/16\/dimanche-27-novembre-2011-erf-grignan-a-15h30-concert-de-louanges\/","title":{"rendered":"Dimanche 27 Novembre 2011 ERF Grignan \u00e0 15h30 &#8211; Concert de louanges"},"content":{"rendered":"<p><a href=\"https:\/\/fpmaam.org\/ministere\/wp-content\/uploads\/2011\/11\/chorale1.jpg\"><img decoding=\"async\" class=\"aligncenter size-full wp-image-605\" title=\"chorale\" src=\"https:\/\/fpmaam.org\/ministere\/wp-content\/uploads\/2011\/11\/chorale1.jpg\" alt=\"\" \/><\/a><\/p>\n<p>Misaora an i Jehovah ry fanahiko mankalaz\u00e0 ny anarany mitoria ny Filazantsara amin ny olombelona rehetra; ny hirako no hiderako Azy (Salamo 103: 1a \u2013 Salamo 135:3b Marka 1: 15b Salamo 28:7b) 15\u00e8me Anniversaire &#8211; Culte de cl\u00f4ture CONCERT de louange \u2013 Repr\u00e9sentation th\u00e9\u00e2trale Remise de prix Dimanche 27 Novembre 2011 ERF Grignan \u00e0 15h30 \u2013 15, rue Grignan 13006 Marseille<\/p>\n","protected":false},"excerpt":{"rendered":"<p>Misaora an i Jehovah ry fanahiko mankalaz\u00e0 ny anarany mitoria ny Filazantsara amin ny olombelona rehetra; ny hirako no hiderako Azy (Salamo 103: 1a \u2013 Salamo 135:3b Marka 1: 15b Salamo 28:7b) 15\u00e8me Anniversaire &#8211; Culte de cl\u00f4ture CONCERT de louange \u2013 Repr\u00e9sentation th\u00e9\u00e2trale Remise de prix Dimanche 27 Novembre 2011 ERF Grignan \u00e0 15h30 &hellip; <a href=\"https:\/\/fpmaam.org\/ministere2\/2011\/11\/16\/dimanche-27-novembre-2011-erf-grignan-a-15h30-concert-de-louanges\/\" class=\"more-link\">Continuer la lecture<span class=\"screen-reader-text\"> de &laquo;&nbsp;Dimanche 27 Novembre 2011 ERF Grignan \u00e0 15h30 &#8211; Concert de louanges&nbsp;&raquo;<\/span><\/a><\/p>\n","protected":false},"author":2,"featured_media":0,"comment_status":"open","ping_status":"open","sticky":false,"template":"","format":"standard","meta":{"footnotes":""},"categories":[],"tags":[],"class_list":["post-602","post","type-post","status-publish","format-standard","hentry"],"yoast_head":"<!-- This site is optimized with the Yoast SEO plugin v26.8 - https:\/\/yoast.com\/product\/yoast-seo-wordpress\/ -->\n<title>Dimanche 27 Novembre 2011 ERF Grignan \u00e0 15h30 - Concert de louanges - FPMA Aix Marseille - EGLISE PROTESTANTE MALGACHE EN FRANCE<\/title>\n<meta name=\"robots\" content=\"index, follow, max-snippet:-1, max-image-preview:large, max-video-preview:-1\" \/>\n<link rel=\"canonical\" href=\"https:\/\/fpmaam.org\/ministere2\/2011\/11\/16\/dimanche-27-novembre-2011-erf-grignan-a-15h30-concert-de-louanges\/\" \/>\n<meta property=\"og:locale\" content=\"fr_FR\" \/>\n<meta property=\"og:type\" content=\"article\" \/>\n<meta property=\"og:title\" content=\"Dimanche 27 Novembre 2011 ERF Grignan \u00e0 15h30 - Concert de louanges - FPMA Aix Marseille - EGLISE PROTESTANTE MALGACHE EN FRANCE\" \/>\n<meta property=\"og:description\" content=\"Misaora an i Jehovah ry fanahiko mankalaz\u00e0 ny anarany mitoria ny Filazantsara amin ny olombelona rehetra; ny hirako no hiderako Azy (Salamo 103: 1a \u2013 Salamo 135:3b Marka 1: 15b Salamo 28:7b) 15\u00e8me Anniversaire &#8211; Culte de cl\u00f4ture CONCERT de louange \u2013 Repr\u00e9sentation th\u00e9\u00e2trale Remise de prix Dimanche 27 Novembre 2011 ERF Grignan \u00e0 15h30 &hellip; Continuer la lecture de &laquo;&nbsp;Dimanche 27 Novembre 2011 ERF Grignan \u00e0 15h30 &#8211; Concert de louanges&nbsp;&raquo;\" \/>\n<meta property=\"og:url\" content=\"https:\/\/fpmaam.org\/ministere2\/2011\/11\/16\/dimanche-27-novembre-2011-erf-grignan-a-15h30-concert-de-louanges\/\" \/>\n<meta property=\"og:site_name\" content=\"FPMA Aix Marseille - EGLISE PROTESTANTE MALGACHE EN FRANCE\" \/>\n<meta property=\"article:published_time\" content=\"2011-11-16T21:14:30+00:00\" \/>\n<meta property=\"og:image\" content=\"https:\/\/fpmaam.org\/ministere\/wp-content\/uploads\/2011\/11\/chorale1.jpg\" \/>\n<meta name=\"author\" content=\"president\" \/>\n<meta name=\"twitter:card\" content=\"summary_large_image\" \/>\n<meta name=\"twitter:label1\" content=\"\u00c9crit par\" \/>\n\t<meta name=\"twitter:data1\" content=\"president\" \/>\n<script type=\"application\/ld+json\" class=\"yoast-schema-graph\">{\"@context\":\"https:\/\/schema.org\",\"@graph\":[{\"@type\":\"Article\",\"@id\":\"https:\/\/fpmaam.org\/ministere2\/2011\/11\/16\/dimanche-27-novembre-2011-erf-grignan-a-15h30-concert-de-louanges\/#article\",\"isPartOf\":{\"@id\":\"https:\/\/fpmaam.org\/ministere2\/2011\/11\/16\/dimanche-27-novembre-2011-erf-grignan-a-15h30-concert-de-louanges\/\"},\"author\":{\"name\":\"president\",\"@id\":\"https:\/\/fpmaam.org\/ministere2\/#\/schema\/person\/ff56433fcd98f0093229506e2c1cfd58\"},\"headline\":\"Dimanche 27 Novembre 2011 ERF Grignan \u00e0 15h30 &#8211; Concert de louanges\",\"datePublished\":\"2011-11-16T21:14:30+00:00\",\"mainEntityOfPage\":{\"@id\":\"https:\/\/fpmaam.org\/ministere2\/2011\/11\/16\/dimanche-27-novembre-2011-erf-grignan-a-15h30-concert-de-louanges\/\"},\"wordCount\":63,\"commentCount\":0,\"publisher\":{\"@id\":\"https:\/\/fpmaam.org\/ministere2\/#organization\"},\"image\":{\"@id\":\"https:\/\/fpmaam.org\/ministere2\/2011\/11\/16\/dimanche-27-novembre-2011-erf-grignan-a-15h30-concert-de-louanges\/#primaryimage\"},\"thumbnailUrl\":\"https:\/\/fpmaam.org\/ministere\/wp-content\/uploads\/2011\/11\/chorale1.jpg\",\"inLanguage\":\"fr-FR\",\"potentialAction\":[{\"@type\":\"CommentAction\",\"name\":\"Comment\",\"target\":[\"https:\/\/fpmaam.org\/ministere2\/2011\/11\/16\/dimanche-27-novembre-2011-erf-grignan-a-15h30-concert-de-louanges\/#respond\"]}]},{\"@type\":\"WebPage\",\"@id\":\"https:\/\/fpmaam.org\/ministere2\/2011\/11\/16\/dimanche-27-novembre-2011-erf-grignan-a-15h30-concert-de-louanges\/\",\"url\":\"https:\/\/fpmaam.org\/ministere2\/2011\/11\/16\/dimanche-27-novembre-2011-erf-grignan-a-15h30-concert-de-louanges\/\",\"name\":\"Dimanche 27 Novembre 2011 ERF Grignan \u00e0 15h30 - Concert de louanges - FPMA Aix Marseille - EGLISE PROTESTANTE MALGACHE EN FRANCE\",\"isPartOf\":{\"@id\":\"https:\/\/fpmaam.org\/ministere2\/#website\"},\"primaryImageOfPage\":{\"@id\":\"https:\/\/fpmaam.org\/ministere2\/2011\/11\/16\/dimanche-27-novembre-2011-erf-grignan-a-15h30-concert-de-louanges\/#primaryimage\"},\"image\":{\"@id\":\"https:\/\/fpmaam.org\/ministere2\/2011\/11\/16\/dimanche-27-novembre-2011-erf-grignan-a-15h30-concert-de-louanges\/#primaryimage\"},\"thumbnailUrl\":\"https:\/\/fpmaam.org\/ministere\/wp-content\/uploads\/2011\/11\/chorale1.jpg\",\"datePublished\":\"2011-11-16T21:14:30+00:00\",\"breadcrumb\":{\"@id\":\"https:\/\/fpmaam.org\/ministere2\/2011\/11\/16\/dimanche-27-novembre-2011-erf-grignan-a-15h30-concert-de-louanges\/#breadcrumb\"},\"inLanguage\":\"fr-FR\",\"potentialAction\":[{\"@type\":\"ReadAction\",\"target\":[\"https:\/\/fpmaam.org\/ministere2\/2011\/11\/16\/dimanche-27-novembre-2011-erf-grignan-a-15h30-concert-de-louanges\/\"]}]},{\"@type\":\"ImageObject\",\"inLanguage\":\"fr-FR\",\"@id\":\"https:\/\/fpmaam.org\/ministere2\/2011\/11\/16\/dimanche-27-novembre-2011-erf-grignan-a-15h30-concert-de-louanges\/#primaryimage\",\"url\":\"https:\/\/fpmaam.org\/ministere\/wp-content\/uploads\/2011\/11\/chorale1.jpg\",\"contentUrl\":\"https:\/\/fpmaam.org\/ministere\/wp-content\/uploads\/2011\/11\/chorale1.jpg\"},{\"@type\":\"BreadcrumbList\",\"@id\":\"https:\/\/fpmaam.org\/ministere2\/2011\/11\/16\/dimanche-27-novembre-2011-erf-grignan-a-15h30-concert-de-louanges\/#breadcrumb\",\"itemListElement\":[{\"@type\":\"ListItem\",\"position\":1,\"name\":\"Accueil\",\"item\":\"https:\/\/fpmaam.org\/ministere2\/\"},{\"@type\":\"ListItem\",\"position\":2,\"name\":\"Dimanche 27 Novembre 2011 ERF Grignan \u00e0 15h30 &#8211; Concert de louanges\"}]},{\"@type\":\"WebSite\",\"@id\":\"https:\/\/fpmaam.org\/ministere2\/#website\",\"url\":\"https:\/\/fpmaam.org\/ministere2\/\",\"name\":\"FPMA Aix Marseille - EGLISE PROTESTANTE MALGACHE EN FRANCE\",\"description\":\"\",\"publisher\":{\"@id\":\"https:\/\/fpmaam.org\/ministere2\/#organization\"},\"potentialAction\":[{\"@type\":\"SearchAction\",\"target\":{\"@type\":\"EntryPoint\",\"urlTemplate\":\"https:\/\/fpmaam.org\/ministere2\/?s={search_term_string}\"},\"query-input\":{\"@type\":\"PropertyValueSpecification\",\"valueRequired\":true,\"valueName\":\"search_term_string\"}}],\"inLanguage\":\"fr-FR\"},{\"@type\":\"Organization\",\"@id\":\"https:\/\/fpmaam.org\/ministere2\/#organization\",\"name\":\"FPMA Aix Marseille - EGLISE PROTESTANTE MALGACHE EN FRANCE\",\"url\":\"https:\/\/fpmaam.org\/ministere2\/\",\"logo\":{\"@type\":\"ImageObject\",\"inLanguage\":\"fr-FR\",\"@id\":\"https:\/\/fpmaam.org\/ministere2\/#\/schema\/logo\/image\/\",\"url\":\"https:\/\/fpmaam.org\/ministere2\/wp-content\/uploads\/2025\/03\/cropped-fpmaam_logo.png\",\"contentUrl\":\"https:\/\/fpmaam.org\/ministere2\/wp-content\/uploads\/2025\/03\/cropped-fpmaam_logo.png\",\"width\":240,\"height\":240,\"caption\":\"FPMA Aix Marseille - EGLISE PROTESTANTE MALGACHE EN FRANCE\"},\"image\":{\"@id\":\"https:\/\/fpmaam.org\/ministere2\/#\/schema\/logo\/image\/\"}},{\"@type\":\"Person\",\"@id\":\"https:\/\/fpmaam.org\/ministere2\/#\/schema\/person\/ff56433fcd98f0093229506e2c1cfd58\",\"name\":\"president\",\"image\":{\"@type\":\"ImageObject\",\"inLanguage\":\"fr-FR\",\"@id\":\"https:\/\/fpmaam.org\/ministere2\/#\/schema\/person\/image\/\",\"url\":\"https:\/\/secure.gravatar.com\/avatar\/334ab7435658a8ecc66527fd509ef3f5?s=96&d=mm&r=g\",\"contentUrl\":\"https:\/\/secure.gravatar.com\/avatar\/334ab7435658a8ecc66527fd509ef3f5?s=96&d=mm&r=g\",\"caption\":\"president\"},\"url\":\"https:\/\/fpmaam.org\/ministere2\/author\/president\/\"}]}<\/script>\n<!-- \/ Yoast SEO plugin. -->","yoast_head_json":{"title":"Dimanche 27 Novembre 2011 ERF Grignan \u00e0 15h30 - Concert de louanges - FPMA Aix Marseille - EGLISE PROTESTANTE MALGACHE EN FRANCE","robots":{"index":"index","follow":"follow","max-snippet":"max-snippet:-1","max-image-preview":"max-image-preview:large","max-video-preview":"max-video-preview:-1"},"canonical":"https:\/\/fpmaam.org\/ministere2\/2011\/11\/16\/dimanche-27-novembre-2011-erf-grignan-a-15h30-concert-de-louanges\/","og_locale":"fr_FR","og_type":"article","og_title":"Dimanche 27 Novembre 2011 ERF Grignan \u00e0 15h30 - Concert de louanges - FPMA Aix Marseille - EGLISE PROTESTANTE MALGACHE EN FRANCE","og_description":"Misaora an i Jehovah ry fanahiko mankalaz\u00e0 ny anarany mitoria ny Filazantsara amin ny olombelona rehetra; ny hirako no hiderako Azy (Salamo 103: 1a \u2013 Salamo 135:3b Marka 1: 15b Salamo 28:7b) 15\u00e8me Anniversaire &#8211; Culte de cl\u00f4ture CONCERT de louange \u2013 Repr\u00e9sentation th\u00e9\u00e2trale Remise de prix Dimanche 27 Novembre 2011 ERF Grignan \u00e0 15h30 &hellip; Continuer la lecture de &laquo;&nbsp;Dimanche 27 Novembre 2011 ERF Grignan \u00e0 15h30 &#8211; Concert de louanges&nbsp;&raquo;","og_url":"https:\/\/fpmaam.org\/ministere2\/2011\/11\/16\/dimanche-27-novembre-2011-erf-grignan-a-15h30-concert-de-louanges\/","og_site_name":"FPMA Aix Marseille - EGLISE PROTESTANTE MALGACHE EN FRANCE","article_published_time":"2011-11-16T21:14:30+00:00","og_image":[{"url":"https:\/\/fpmaam.org\/ministere\/wp-content\/uploads\/2011\/11\/chorale1.jpg","type":"","width":"","height":""}],"author":"president","twitter_card":"summary_large_image","twitter_misc":{"\u00c9crit par":"president"},"schema":{"@context":"https:\/\/schema.org","@graph":[{"@type":"Article","@id":"https:\/\/fpmaam.org\/ministere2\/2011\/11\/16\/dimanche-27-novembre-2011-erf-grignan-a-15h30-concert-de-louanges\/#article","isPartOf":{"@id":"https:\/\/fpmaam.org\/ministere2\/2011\/11\/16\/dimanche-27-novembre-2011-erf-grignan-a-15h30-concert-de-louanges\/"},"author":{"name":"president","@id":"https:\/\/fpmaam.org\/ministere2\/#\/schema\/person\/ff56433fcd98f0093229506e2c1cfd58"},"headline":"Dimanche 27 Novembre 2011 ERF Grignan \u00e0 15h30 &#8211; Concert de louanges","datePublished":"2011-11-16T21:14:30+00:00","mainEntityOfPage":{"@id":"https:\/\/fpmaam.org\/ministere2\/2011\/11\/16\/dimanche-27-novembre-2011-erf-grignan-a-15h30-concert-de-louanges\/"},"wordCount":63,"commentCount":0,"publisher":{"@id":"https:\/\/fpmaam.org\/ministere2\/#organization"},"image":{"@id":"https:\/\/fpmaam.org\/ministere2\/2011\/11\/16\/dimanche-27-novembre-2011-erf-grignan-a-15h30-concert-de-louanges\/#primaryimage"},"thumbnailUrl":"https:\/\/fpmaam.org\/ministere\/wp-content\/uploads\/2011\/11\/chorale1.jpg","inLanguage":"fr-FR","potentialAction":[{"@type":"CommentAction","name":"Comment","target":["https:\/\/fpmaam.org\/ministere2\/2011\/11\/16\/dimanche-27-novembre-2011-erf-grignan-a-15h30-concert-de-louanges\/#respond"]}]},{"@type":"WebPage","@id":"https:\/\/fpmaam.org\/ministere2\/2011\/11\/16\/dimanche-27-novembre-2011-erf-grignan-a-15h30-concert-de-louanges\/","url":"https:\/\/fpmaam.org\/ministere2\/2011\/11\/16\/dimanche-27-novembre-2011-erf-grignan-a-15h30-concert-de-louanges\/","name":"Dimanche 27 Novembre 2011 ERF Grignan \u00e0 15h30 - Concert de louanges - FPMA Aix Marseille - EGLISE PROTESTANTE MALGACHE EN FRANCE","isPartOf":{"@id":"https:\/\/fpmaam.org\/ministere2\/#website"},"primaryImageOfPage":{"@id":"https:\/\/fpmaam.org\/ministere2\/2011\/11\/16\/dimanche-27-novembre-2011-erf-grignan-a-15h30-concert-de-louanges\/#primaryimage"},"image":{"@id":"https:\/\/fpmaam.org\/ministere2\/2011\/11\/16\/dimanche-27-novembre-2011-erf-grignan-a-15h30-concert-de-louanges\/#primaryimage"},"thumbnailUrl":"https:\/\/fpmaam.org\/ministere\/wp-content\/uploads\/2011\/11\/chorale1.jpg","datePublished":"2011-11-16T21:14:30+00:00","breadcrumb":{"@id":"https:\/\/fpmaam.org\/ministere2\/2011\/11\/16\/dimanche-27-novembre-2011-erf-grignan-a-15h30-concert-de-louanges\/#breadcrumb"},"inLanguage":"fr-FR","potentialAction":[{"@type":"ReadAction","target":["https:\/\/fpmaam.org\/ministere2\/2011\/11\/16\/dimanche-27-novembre-2011-erf-grignan-a-15h30-concert-de-louanges\/"]}]},{"@type":"ImageObject","inLanguage":"fr-FR","@id":"https:\/\/fpmaam.org\/ministere2\/2011\/11\/16\/dimanche-27-novembre-2011-erf-grignan-a-15h30-concert-de-louanges\/#primaryimage","url":"https:\/\/fpmaam.org\/ministere\/wp-content\/uploads\/2011\/11\/chorale1.jpg","contentUrl":"https:\/\/fpmaam.org\/ministere\/wp-content\/uploads\/2011\/11\/chorale1.jpg"},{"@type":"BreadcrumbList","@id":"https:\/\/fpmaam.org\/ministere2\/2011\/11\/16\/dimanche-27-novembre-2011-erf-grignan-a-15h30-concert-de-louanges\/#breadcrumb","itemListElement":[{"@type":"ListItem","position":1,"name":"Accueil","item":"https:\/\/fpmaam.org\/ministere2\/"},{"@type":"ListItem","position":2,"name":"Dimanche 27 Novembre 2011 ERF Grignan \u00e0 15h30 &#8211; Concert de louanges"}]},{"@type":"WebSite","@id":"https:\/\/fpmaam.org\/ministere2\/#website","url":"https:\/\/fpmaam.org\/ministere2\/","name":"FPMA Aix Marseille - EGLISE PROTESTANTE MALGACHE EN FRANCE","description":"","publisher":{"@id":"https:\/\/fpmaam.org\/ministere2\/#organization"},"potentialAction":[{"@type":"SearchAction","target":{"@type":"EntryPoint","urlTemplate":"https:\/\/fpmaam.org\/ministere2\/?s={search_term_string}"},"query-input":{"@type":"PropertyValueSpecification","valueRequired":true,"valueName":"search_term_string"}}],"inLanguage":"fr-FR"},{"@type":"Organization","@id":"https:\/\/fpmaam.org\/ministere2\/#organization","name":"FPMA Aix Marseille - EGLISE PROTESTANTE MALGACHE EN FRANCE","url":"https:\/\/fpmaam.org\/ministere2\/","logo":{"@type":"ImageObject","inLanguage":"fr-FR","@id":"https:\/\/fpmaam.org\/ministere2\/#\/schema\/logo\/image\/","url":"https:\/\/fpmaam.org\/ministere2\/wp-content\/uploads\/2025\/03\/cropped-fpmaam_logo.png","contentUrl":"https:\/\/fpmaam.org\/ministere2\/wp-content\/uploads\/2025\/03\/cropped-fpmaam_logo.png","width":240,"height":240,"caption":"FPMA Aix Marseille - EGLISE PROTESTANTE MALGACHE EN FRANCE"},"image":{"@id":"https:\/\/fpmaam.org\/ministere2\/#\/schema\/logo\/image\/"}},{"@type":"Person","@id":"https:\/\/fpmaam.org\/ministere2\/#\/schema\/person\/ff56433fcd98f0093229506e2c1cfd58","name":"president","image":{"@type":"ImageObject","inLanguage":"fr-FR","@id":"https:\/\/fpmaam.org\/ministere2\/#\/schema\/person\/image\/","url":"https:\/\/secure.gravatar.com\/avatar\/334ab7435658a8ecc66527fd509ef3f5?s=96&d=mm&r=g","contentUrl":"https:\/\/secure.gravatar.com\/avatar\/334ab7435658a8ecc66527fd509ef3f5?s=96&d=mm&r=g","caption":"president"},"url":"https:\/\/fpmaam.org\/ministere2\/author\/president\/"}]}},"_links":{"self":[{"href":"https:\/\/fpmaam.org\/ministere2\/wp-json\/wp\/v2\/posts\/602","targetHints":{"allow":["GET"]}}],"collection":[{"href":"https:\/\/fpmaam.org\/ministere2\/wp-json\/wp\/v2\/posts"}],"about":[{"href":"https:\/\/fpmaam.org\/ministere2\/wp-json\/wp\/v2\/types\/post"}],"author":[{"embeddable":true,"href":"https:\/\/fpmaam.org\/ministere2\/wp-json\/wp\/v2\/users\/2"}],"replies":[{"embeddable":true,"href":"https:\/\/fpmaam.org\/ministere2\/wp-json\/wp\/v2\/comments?post=602"}],"version-history":[{"count":0,"href":"https:\/\/fpmaam.org\/ministere2\/wp-json\/wp\/v2\/posts\/602\/revisions"}],"wp:attachment":[{"href":"https:\/\/fpmaam.org\/ministere2\/wp-json\/wp\/v2\/media?parent=602"}],"wp:term":[{"taxonomy":"category","embeddable":true,"href":"https:\/\/fpmaam.org\/ministere2\/wp-json\/wp\/v2\/categories?post=602"},{"taxonomy":"post_tag","embeddable":true,"href":"https:\/\/fpmaam.org\/ministere2\/wp-json\/wp\/v2\/tags?post=602"}],"curies":[{"name":"wp","href":"https:\/\/api.w.org\/{rel}","templated":true}]}}